{"id":867,"date":"2023-01-12T12:35:00","date_gmt":"2023-01-12T11:35:00","guid":{"rendered":"http:\/\/spd-kettwig.de\/?p=867"},"modified":"2023-02-10T12:39:44","modified_gmt":"2023-02-10T11:39:44","slug":"stammtisch-der-spd-kettwig","status":"publish","type":"post","link":"https:\/\/spd-kettwig.de\/?p=867","title":{"rendered":"Stammtisch der SPD Kettwig"},"content":{"rendered":"\n<p><em>Termine der SPD Kettwig<\/em><\/p>\n\n\n\n<figure class=\"wp-block-image size-large\"><img decoding=\"async\" loading=\"lazy\" width=\"819\" height=\"1024\" src=\"http:\/\/spd-kettwig.de\/wp-content\/uploads\/2023\/02\/Anku\u0308ndigung-Stammtisch_0-819x1024.jpg\" alt=\"\" class=\"wp-image-871\" srcset=\"https:\/\/spd-kettwig.de\/wp-content\/uploads\/2023\/02\/Anku\u0308ndigung-Stammtisch_0-819x1024.jpg 819w, https:\/\/spd-kettwig.de\/wp-content\/uploads\/2023\/02\/Anku\u0308ndigung-Stammtisch_0-240x300.jpg 240w, https:\/\/spd-kettwig.de\/wp-content\/uploads\/2023\/02\/Anku\u0308ndigung-Stammtisch_0-768x960.jpg 768w, https:\/\/spd-kettwig.de\/wp-content\/uploads\/2023\/02\/Anku\u0308ndigung-Stammtisch_0.jpg 1080w\" sizes=\"(max-width: 767px) 89vw, (max-width: 1000px) 54vw, (max-width: 1071px) 543px, 580px\" \/><\/figure>\n\n\n\n<p>Wir freuen uns sehr, in lockerer Atmosph\u00e4re mit unseren Mitgliedern und interessierten Kettwigerinnen und Kettwigern ins Gespr\u00e4ch zu kommen. <\/p>\n\n\n\n<p>Gerne informieren wir in diesem Rahmen auch \u00fcber anstehende Projekte, die unseren Stadtteil betreffen, m\u00f6chten aber auch Ideen und Anregungen diskutieren. Mit Sicherheit werden die Stammtische die Geburtsstunde vieler guter Ideen sein, die wie dann gerne in Rat und Bezirksvertretung einbringen werden.<\/p>\n\n\n\n<p><strong>Der erste Stammtisch findet am Donnerstag, den 19. Januar 2023 um 19.00 Uhr im Ha Zwei Oh im Schwimmzentrum Kettwig, Im Teelbruch 10, 45219 Essen statt.&nbsp;<\/strong><\/p>\n\n\n\n<p>Eine Anmeldung ist nicht verpflichtend, zur besseren Planung ist jedoch eine kurze R\u00fcckmeldung an&nbsp;<a href=\"mailto:anmeldung@kettwigander.ruhr\">anmeldung@kettwigander.ruhr<\/a>&nbsp;hilfreich.<\/p>\n","protected":false},"excerpt":{"rendered":"<p>Termine der SPD Kettwig Wir freuen uns sehr, in lockerer Atmosph\u00e4re mit unseren Mitgliedern und interessierten Kettwigerinnen und Kettwigern ins Gespr\u00e4ch zu kommen. Gerne informieren wir in diesem Rahmen auch \u00fcber anstehende Projekte, die unseren Stadtteil betreffen, m\u00f6chten aber auch Ideen und Anregungen diskutieren. Mit Sicherheit werden die Stammtische die Geburtsstunde vieler guter Ideen sein, &hellip; <\/p>\n<p class=\"link-more\"><a href=\"https:\/\/spd-kettwig.de\/?p=867\" class=\"more-link\"><span class=\"screen-reader-text\">\u201eStammtisch der SPD Kettwig\u201c<\/span> weiterlesen<\/a><\/p>\n","protected":false},"author":6,"featured_media":0,"comment_status":"open","ping_status":"open","sticky":false,"template":"","format":"standard","meta":[],"categories":[5,6],"tags":[22,65,37,501,499],"_links":{"self":[{"href":"https:\/\/spd-kettwig.de\/index.php?rest_route=\/wp\/v2\/posts\/867"}],"collection":[{"href":"https:\/\/spd-kettwig.de\/index.php?rest_route=\/wp\/v2\/posts"}],"about":[{"href":"https:\/\/spd-kettwig.de\/index.php?rest_route=\/wp\/v2\/types\/post"}],"author":[{"embeddable":true,"href":"https:\/\/spd-kettwig.de\/index.php?rest_route=\/wp\/v2\/users\/6"}],"replies":[{"embeddable":true,"href":"https:\/\/spd-kettwig.de\/index.php?rest_route=%2Fwp%2Fv2%2Fcomments&post=867"}],"version-history":[{"count":3,"href":"https:\/\/spd-kettwig.de\/index.php?rest_route=\/wp\/v2\/posts\/867\/revisions"}],"predecessor-version":[{"id":872,"href":"https:\/\/spd-kettwig.de\/index.php?rest_route=\/wp\/v2\/posts\/867\/revisions\/872"}],"wp:attachment":[{"href":"https:\/\/spd-kettwig.de\/index.php?rest_route=%2Fwp%2Fv2%2Fmedia&parent=867"}],"wp:term":[{"taxonomy":"category","embeddable":true,"href":"https:\/\/spd-kettwig.de\/index.php?rest_route=%2Fwp%2Fv2%2Fcategories&post=867"},{"taxonomy":"post_tag","embeddable":true,"href":"https:\/\/spd-kettwig.de\/index.php?rest_route=%2Fwp%2Fv2%2Ftags&post=867"}],"curies":[{"name":"wp","href":"https:\/\/api.w.org\/{rel}","templated":true}]}}