{"id":862,"date":"2022-07-20T18:00:00","date_gmt":"2022-07-20T16:00:00","guid":{"rendered":"http:\/\/spd-kettwig.de\/?p=862"},"modified":"2023-02-10T12:40:24","modified_gmt":"2023-02-10T11:40:24","slug":"spd-in-kettwig-aeussert-ihre-vorstellungen-zum-verkehr-in-der-volckmar-arndt-und-landsberger-strasse-und-mintarder-weg","status":"publish","type":"post","link":"https:\/\/spd-kettwig.de\/?p=862","title":{"rendered":"<strong>SPD in Kettwig \u00e4u\u00dfert ihre Vorstellungen zum Verkehr in der Volckmar-, Arndt- und Landsberger Stra\u00dfe und Mintarder Weg.<\/strong>"},"content":{"rendered":"\n<p><em>Pressemitteilung der SPD Kettwig<\/em><\/p>\n\n\n\n<p>\u201eWarum man unbedingt Steuergelder in eine funktionierende Situation stecken muss, erschlie\u00dft sich mir nicht. Fu\u00dfg\u00e4nger, Schul- und Kitakinder, Radfahrer und auch Autofahrer haben sich doch hier arrangiert. Einzig den engen Knotenpunkt an der Ecke Arndt- und Landsberger Stra\u00dfe sollte man vielleicht \u00fcberdenken\u201c, so der Kettwiger Ratsherr und Vorsitzende der SPD in Kettwig Daniel Behmenburg zur aktuellen Diskussion um den Radverkehr in den Nebenstra\u00dfen rund um den Mintarder Weg in Kettwig vor der Br\u00fccke. \u201eWenn Gelder f\u00fcr den Radverkehr zur Verf\u00fcgung stehen, dann k\u00f6nnte man endlich einmal die Radweg-Holperstrecke an der Meisenburgstra\u00dfe instandsetzen und damit \u00fcbrigens einen echten Beitrag f\u00fcr Pendler zur Arbeit in Bredeney, R\u00fcttenscheid und der Innenstadt leisten und damit auch den Modal Split f\u00f6rdern. Oder man k\u00f6nnte an eine Verbreiterung des Leinpfades denken, um hier die oft brenzligen Situationen zwischen Fu\u00dfg\u00e4ngern und Radfahrer zu entsch\u00e4rfen.\u201c<\/p>\n\n\n\n<p>Behmenburgs Ratskollegin Susanne Gilbert erg\u00e4nzt: \u201eIch finde es sehr begr\u00fc\u00dfenswert, dass die Anwohnerinnen und Anwohner sich nicht nur beschweren, sondern konstruktive Debatten zu der Diskussion leisten. Viele angeregte Gespr\u00e4che durften wir in den letzten Wochen mit den Betroffenen vor Ort f\u00fchren. Dazu geh\u00f6ren auch die Radfahrerinnen und Radfahrer. Ich glaube deshalb nicht, dass eine alternative Streckenf\u00fchrung \u00fcber die August-Thyssen- und Landsberger Stra\u00dfe erfolgsversprechend ist. Am Ende wird doch auch hier mit den F\u00fc\u00dfen oder besser wortw\u00f6rtlich mit dem Rad abgestimmt. Und die Radfahrerinnen und Radfahrer, die von Velbert und Heiligenhaus kommen und nach Kettwig oder Werden wollen, werden auch weiterhin den bisherigen direkten Weg fahren. Ebenso verh\u00e4lt es sich mit denjenigen, die von Kettwig oder Werden kommen und nach Mintard bzw. M\u00fclheim wollen. Das hei\u00dft \u2013 am Ende w\u00fcrde man f\u00fcr viel Geld eine Verbindung schaffen, die kaum genutzt w\u00fcrde. Und auch die Anwohnerinnen und Anwohner sagen: lasst es uns einfach lassen, wie es sich bew\u00e4hrt hat. Damit ist uns allen gedient.\u201c<\/p>\n","protected":false},"excerpt":{"rendered":"<p>Pressemitteilung der SPD Kettwig \u201eWarum man unbedingt Steuergelder in eine funktionierende Situation stecken muss, erschlie\u00dft sich mir nicht. Fu\u00dfg\u00e4nger, Schul- und Kitakinder, Radfahrer und auch Autofahrer haben sich doch hier arrangiert. Einzig den engen Knotenpunkt an der Ecke Arndt- und Landsberger Stra\u00dfe sollte man vielleicht \u00fcberdenken\u201c, so der Kettwiger Ratsherr und Vorsitzende der SPD in &hellip; <\/p>\n<p class=\"link-more\"><a href=\"https:\/\/spd-kettwig.de\/?p=862\" class=\"more-link\"><span class=\"screen-reader-text\">\u201e<strong>SPD in Kettwig \u00e4u\u00dfert ihre Vorstellungen zum Verkehr in der Volckmar-, Arndt- und Landsberger Stra\u00dfe und Mintarder Weg.<\/strong>\u201c<\/span> weiterlesen<\/a><\/p>\n","protected":false},"author":6,"featured_media":866,"comment_status":"open","ping_status":"open","sticky":false,"template":"","format":"standard","meta":[],"categories":[5],"tags":[493,491,177,22,496,492,498,461,178,497,413,65,76,494],"_links":{"self":[{"href":"https:\/\/spd-kettwig.de\/index.php?rest_route=\/wp\/v2\/posts\/862"}],"collection":[{"href":"https:\/\/spd-kettwig.de\/index.php?rest_route=\/wp\/v2\/posts"}],"about":[{"href":"https:\/\/spd-kettwig.de\/index.php?rest_route=\/wp\/v2\/types\/post"}],"author":[{"embeddable":true,"href":"https:\/\/spd-kettwig.de\/index.php?rest_route=\/wp\/v2\/users\/6"}],"replies":[{"embeddable":true,"href":"https:\/\/spd-kettwig.de\/index.php?rest_route=%2Fwp%2Fv2%2Fcomments&post=862"}],"version-history":[{"count":1,"href":"https:\/\/spd-kettwig.de\/index.php?rest_route=\/wp\/v2\/posts\/862\/revisions"}],"predecessor-version":[{"id":864,"href":"https:\/\/spd-kettwig.de\/index.php?rest_route=\/wp\/v2\/posts\/862\/revisions\/864"}],"wp:featuredmedia":[{"embeddable":true,"href":"https:\/\/spd-kettwig.de\/index.php?rest_route=\/wp\/v2\/media\/866"}],"wp:attachment":[{"href":"https:\/\/spd-kettwig.de\/index.php?rest_route=%2Fwp%2Fv2%2Fmedia&parent=862"}],"wp:term":[{"taxonomy":"category","embeddable":true,"href":"https:\/\/spd-kettwig.de\/index.php?rest_route=%2Fwp%2Fv2%2Fcategories&post=862"},{"taxonomy":"post_tag","embeddable":true,"href":"https:\/\/spd-kettwig.de\/index.php?rest_route=%2Fwp%2Fv2%2Ftags&post=862"}],"curies":[{"name":"wp","href":"https:\/\/api.w.org\/{rel}","templated":true}]}}