{"id":859,"date":"2023-02-09T18:00:00","date_gmt":"2023-02-09T17:00:00","guid":{"rendered":"http:\/\/spd-kettwig.de\/?p=859"},"modified":"2023-02-10T12:42:09","modified_gmt":"2023-02-10T11:42:09","slug":"spd-fraktion-stellt-die-personellen-weichen-fuer-die-naechste-kommunalwahl","status":"publish","type":"post","link":"https:\/\/spd-kettwig.de\/?p=859","title":{"rendered":"SPD-Fraktion stellt die personellen Weichen f\u00fcr die n\u00e4chste Kommunalwahl"},"content":{"rendered":"\n<p><em>Pressemitteilung der SPD-Fraktion im Rat der Stadt Essen<\/em><\/p>\n\n\n\n<p>Bei den turnusgem\u00e4\u00dfen Wahlen zur Halbzeit der Wahlperiode des Stadtrates, wurde der SPD-Fraktionsvorsitzende Ingo Vogel mit deutlicher Mehrheit im Amt best\u00e4tigt. Vogel f\u00fchrt die Fraktion bereits seit Januar 2019 souver\u00e4n an.<\/p>\n\n\n\n<p>Zu seinem Stellvertreter wurde Philipp Rosenau gew\u00e4hlt, der Martin Schlauch nachfolgt, der aus beruflichen Gr\u00fcnden Anfang des Jahres sein Ratsmandat niedergelegt hatte.<\/p>\n\n\n\n<p>\u201eIch bedanke mich bei meinen Fraktionskolleginnen und -kollegen f\u00fcr das Vertrauen und freue mich auf die Fortsetzung der guten und konstruktiven Oppositionsarbeit in den kommenden zwei Jahren. Wir werden CDU und Gr\u00fcnen weiter ihre Fehler aufzeigen und uns als \u00fcberzeugenden Gegenentwurf pr\u00e4sentieren\u201c sagt Philipp Rosenau, neuer stellvertretender Fraktionsvorsitzender SPD-Fraktion.<br>Bereits zum Ende des vergangenen Jahres wurde Julia Jankovic als stellvertretende Vorsitzende gew\u00e4hlt, zus\u00e4tzlich \u00fcbernimmt Jankovic ab sofort ebenfalls den Vorsitz im Ausschuss f\u00fcr Soziales, Arbeit, Gesundheit und Integration.<\/p>\n\n\n\n<p>\u201eIch freue mich, dass wir uns inhaltlich und personell neu aufgestellt haben und mit einem jungen und motivierten Team in die zweite Halbzeit der Wahlperiode gehen k\u00f6nnen, um zur n\u00e4chsten Kommunalwahl voll anzugreifen\u201c, sagt SPD-Fraktionsvorsitzender Ingo Vogel abschlie\u00dfend.<br>Als neugew\u00e4hlte Beisitzerinnen und Beisitzer komplettieren Daniel Behmenburg, Romina Eggert, Christian Kaiser, Julia Klewin, Jutta Pentoch, Detlef Schliffke und Agnes Tepperis als Finanzbeauftragte den Fraktionsvorstand.<\/p>\n","protected":false},"excerpt":{"rendered":"<p>Pressemitteilung der SPD-Fraktion im Rat der Stadt Essen Bei den turnusgem\u00e4\u00dfen Wahlen zur Halbzeit der Wahlperiode des Stadtrates, wurde der SPD-Fraktionsvorsitzende Ingo Vogel mit deutlicher Mehrheit im Amt best\u00e4tigt. Vogel f\u00fchrt die Fraktion bereits seit Januar 2019 souver\u00e4n an. Zu seinem Stellvertreter wurde Philipp Rosenau gew\u00e4hlt, der Martin Schlauch nachfolgt, der aus beruflichen Gr\u00fcnden Anfang &hellip; <\/p>\n<p class=\"link-more\"><a href=\"https:\/\/spd-kettwig.de\/?p=859\" class=\"more-link\"><span class=\"screen-reader-text\">\u201eSPD-Fraktion stellt die personellen Weichen f\u00fcr die n\u00e4chste Kommunalwahl\u201c<\/span> weiterlesen<\/a><\/p>\n","protected":false},"author":6,"featured_media":860,"comment_status":"open","ping_status":"open","sticky":false,"template":"","format":"standard","meta":[],"categories":[263],"tags":[488,95,66,490,487,153,43,489],"_links":{"self":[{"href":"https:\/\/spd-kettwig.de\/index.php?rest_route=\/wp\/v2\/posts\/859"}],"collection":[{"href":"https:\/\/spd-kettwig.de\/index.php?rest_route=\/wp\/v2\/posts"}],"about":[{"href":"https:\/\/spd-kettwig.de\/index.php?rest_route=\/wp\/v2\/types\/post"}],"author":[{"embeddable":true,"href":"https:\/\/spd-kettwig.de\/index.php?rest_route=\/wp\/v2\/users\/6"}],"replies":[{"embeddable":true,"href":"https:\/\/spd-kettwig.de\/index.php?rest_route=%2Fwp%2Fv2%2Fcomments&post=859"}],"version-history":[{"count":1,"href":"https:\/\/spd-kettwig.de\/index.php?rest_route=\/wp\/v2\/posts\/859\/revisions"}],"predecessor-version":[{"id":861,"href":"https:\/\/spd-kettwig.de\/index.php?rest_route=\/wp\/v2\/posts\/859\/revisions\/861"}],"wp:featuredmedia":[{"embeddable":true,"href":"https:\/\/spd-kettwig.de\/index.php?rest_route=\/wp\/v2\/media\/860"}],"wp:attachment":[{"href":"https:\/\/spd-kettwig.de\/index.php?rest_route=%2Fwp%2Fv2%2Fmedia&parent=859"}],"wp:term":[{"taxonomy":"category","embeddable":true,"href":"https:\/\/spd-kettwig.de\/index.php?rest_route=%2Fwp%2Fv2%2Fcategories&post=859"},{"taxonomy":"post_tag","embeddable":true,"href":"https:\/\/spd-kettwig.de\/index.php?rest_route=%2Fwp%2Fv2%2Ftags&post=859"}],"curies":[{"name":"wp","href":"https:\/\/api.w.org\/{rel}","templated":true}]}}