{"id":850,"date":"2022-08-29T18:00:00","date_gmt":"2022-08-29T16:00:00","guid":{"rendered":"http:\/\/spd-kettwig.de\/?p=850"},"modified":"2023-02-10T12:41:07","modified_gmt":"2023-02-10T11:41:07","slug":"spd-kettwig-freut-sich-auf-familienwanderung-am-04-09-2022-und-laedt-interessierte-buergerinnen-und-buerger-herzlich-ein","status":"publish","type":"post","link":"https:\/\/spd-kettwig.de\/?p=850","title":{"rendered":"SPD Kettwig freut sich auf\u00a0Familienwanderung am 04.09.2022 und l\u00e4dt interessierte B\u00fcrgerinnen und B\u00fcrger herzlich ein"},"content":{"rendered":"\n<p><em>Pressemitteilung der SPD Kettwig<\/em><\/p>\n\n\n\n<p>\u201eRund um Kettwig gibt es tolle Wanderwege zu entdecken und wiederzuentdecken. Zusammen macht das Wandern viel mehr Spa\u00df. Deswegen wollen wir am 04. September mit wanderfreudigen Kettwigerinnen und Kettwigern gemeinsam eine Strecke erkunden und uns anschlie\u00dfend noch gesellig zusammensetzen\u201c, erkl\u00e4rt Daniel Behmenburg, Vorsitzender der SPD Kettwig.<\/p>\n\n\n\n<p>\u201eBesonders f\u00fcr Familien ist das eine tolle Sache. Deshalb habe ich diesmal eine Strecke ausgesucht, die Gro\u00dfe und Kleine zusammen gut schaffen k\u00f6nnen,\u201c meint Jan-Robert Belouschek, der den Ansto\u00df f\u00fcr die Wanderung gab und die Route plante. \u201eWir freuen uns \u00fcber viele Anmeldungen.\u201c<\/p>\n\n\n\n<p>Auf Schusters Rappen geht es auf einer etwa 4-st\u00fcndigen Rundwanderung durch die Natur zwischen Ickten und M\u00fclheim-Menden, entlang an Feldern und Wiesen. Auch wenn die Strecke nicht sonderlich anspruchsvoll ist, sollten die Teilnehmerinnen und Teilnehmer gut zu Fu\u00df, da es keine M\u00f6glichkeit gibt, die Strecke abzuk\u00fcrzen.<\/p>\n\n\n\n<p>\u201eAnschlie\u00dfend kehren wir noch im Ha Zwei Oh im Kettwiger Schwimmzentrum auf ein leckeres Getr\u00e4nk und einen kleinen Happen ein\u201c, so Jan-Robert Belouschek.<\/p>\n\n\n\n<p>Die Wanderung startet am Sonntag, den 04.09.2022 um 10:00 Uhr. Treffpunkt ist der Parkplatz am Schwimmzentrum Kettwig im Teelbruch. Zur besseren Planung wird um Anmeldung unter&nbsp;<a href=\"mailto:anmeldung@kettwigander.ruhr\">anmeldung@kettwigander.ruhr<\/a>&nbsp;gebeten.<\/p>\n","protected":false},"excerpt":{"rendered":"<p>Pressemitteilung der SPD Kettwig \u201eRund um Kettwig gibt es tolle Wanderwege zu entdecken und wiederzuentdecken. Zusammen macht das Wandern viel mehr Spa\u00df. Deswegen wollen wir am 04. September mit wanderfreudigen Kettwigerinnen und Kettwigern gemeinsam eine Strecke erkunden und uns anschlie\u00dfend noch gesellig zusammensetzen\u201c, erkl\u00e4rt Daniel Behmenburg, Vorsitzender der SPD Kettwig. \u201eBesonders f\u00fcr Familien ist das &hellip; <\/p>\n<p class=\"link-more\"><a href=\"https:\/\/spd-kettwig.de\/?p=850\" class=\"more-link\"><span class=\"screen-reader-text\">\u201eSPD Kettwig freut sich auf\u00a0Familienwanderung am 04.09.2022 und l\u00e4dt interessierte B\u00fcrgerinnen und B\u00fcrger herzlich ein\u201c<\/span> weiterlesen<\/a><\/p>\n","protected":false},"author":6,"featured_media":851,"comment_status":"open","ping_status":"open","sticky":false,"template":"","format":"standard","meta":[],"categories":[5,6],"tags":[467,22,469,470,65,471,466,468],"_links":{"self":[{"href":"https:\/\/spd-kettwig.de\/index.php?rest_route=\/wp\/v2\/posts\/850"}],"collection":[{"href":"https:\/\/spd-kettwig.de\/index.php?rest_route=\/wp\/v2\/posts"}],"about":[{"href":"https:\/\/spd-kettwig.de\/index.php?rest_route=\/wp\/v2\/types\/post"}],"author":[{"embeddable":true,"href":"https:\/\/spd-kettwig.de\/index.php?rest_route=\/wp\/v2\/users\/6"}],"replies":[{"embeddable":true,"href":"https:\/\/spd-kettwig.de\/index.php?rest_route=%2Fwp%2Fv2%2Fcomments&post=850"}],"version-history":[{"count":1,"href":"https:\/\/spd-kettwig.de\/index.php?rest_route=\/wp\/v2\/posts\/850\/revisions"}],"predecessor-version":[{"id":852,"href":"https:\/\/spd-kettwig.de\/index.php?rest_route=\/wp\/v2\/posts\/850\/revisions\/852"}],"wp:featuredmedia":[{"embeddable":true,"href":"https:\/\/spd-kettwig.de\/index.php?rest_route=\/wp\/v2\/media\/851"}],"wp:attachment":[{"href":"https:\/\/spd-kettwig.de\/index.php?rest_route=%2Fwp%2Fv2%2Fmedia&parent=850"}],"wp:term":[{"taxonomy":"category","embeddable":true,"href":"https:\/\/spd-kettwig.de\/index.php?rest_route=%2Fwp%2Fv2%2Fcategories&post=850"},{"taxonomy":"post_tag","embeddable":true,"href":"https:\/\/spd-kettwig.de\/index.php?rest_route=%2Fwp%2Fv2%2Ftags&post=850"}],"curies":[{"name":"wp","href":"https:\/\/api.w.org\/{rel}","templated":true}]}}