{"id":794,"date":"2022-06-24T18:00:00","date_gmt":"2022-06-24T16:00:00","guid":{"rendered":"http:\/\/spd-kettwig.de\/?p=794"},"modified":"2022-06-26T09:56:21","modified_gmt":"2022-06-26T07:56:21","slug":"die-spd-in-kettwig-gratuliert-susanne-gilbert-zum-einzug-in-den-rat-der-stadt-essen","status":"publish","type":"post","link":"https:\/\/spd-kettwig.de\/?p=794","title":{"rendered":"Die SPD in Kettwig gratuliert Susanne Gilbert zum Einzug in den Rat der Stadt Essen"},"content":{"rendered":"\n<p><em>Pressemitteilung der SPD Kettwig<\/em><\/p>\n\n\n\n<p>Die Kettwiger Sozialdemokraten gratulieren ihrem Vorstandsmitglied Susanne Gilbert ganz herzlich zum Einzug in den Rat der Stadt Essen. Die Kettwigerin wurde in der gestrigen Sitzung des Stadtrates durch den Oberb\u00fcrgermeister verpflichtet. Sie tritt die Nachfolge von Julia Kahle-Hausmann an, die nach ihrer Wahl in den Landtag von Nordrhein-Westfalen ihr Ratsmandat niedergelegt hatte. Die Nachr\u00fcckerinnen und Nachr\u00fccker f\u00fcr ausgeschiedene Ratsmitglieder bestimmen sich nach der sogenannten \u201eReserveliste\u201c der jeweiligen Partei. Sie ist damit neben Daniel Behmenburg das zweite Mitglied der SPD in Kettwig im Essener Stadtparlament.<\/p>\n\n\n\n<p>\u201eIch freue mich sehr, mit Susanne tatkr\u00e4ftige Unterst\u00fctzung f\u00fcr die Belange unseres Dorfes und der ganzen Stadt im Rat zu haben. Die Zusammenarbeit mit ihr als Bezirksvertreterin war schon von Vertrauen, konstruktivem Austausch und pragmatischen L\u00f6sungen gepr\u00e4gt. Mit ihrer Mitgliedschaft im Ausschuss f\u00fcr Verkehr und Mobilit\u00e4t und im Kulturausschuss erg\u00e4nzt sie meine Schwerpunkte Sport, Umwelt, Natur- und Verbraucherschutz perfekt. So sind wir in Zukunft hier vor Ort thematisch breit aufgestellt sind und damit Ansprechpartner in allen Belangen\u201c, so Daniel Behmenburg, Vorsitzender der SPD in Kettwig und ebenfalls Mitglied im Rat der Stadt Essen.<\/p>\n\n\n\n<figure class=\"wp-block-image size-large\"><img decoding=\"async\" loading=\"lazy\" width=\"1024\" height=\"681\" src=\"http:\/\/spd-kettwig.de\/wp-content\/uploads\/2022\/06\/DSC_3235-1024x681.jpg\" alt=\"\" class=\"wp-image-835\" srcset=\"https:\/\/spd-kettwig.de\/wp-content\/uploads\/2022\/06\/DSC_3235-1024x681.jpg 1024w, https:\/\/spd-kettwig.de\/wp-content\/uploads\/2022\/06\/DSC_3235-300x200.jpg 300w, https:\/\/spd-kettwig.de\/wp-content\/uploads\/2022\/06\/DSC_3235-768x511.jpg 768w, https:\/\/spd-kettwig.de\/wp-content\/uploads\/2022\/06\/DSC_3235-1536x1022.jpg 1536w, https:\/\/spd-kettwig.de\/wp-content\/uploads\/2022\/06\/DSC_3235-2048x1362.jpg 2048w\" sizes=\"(max-width: 767px) 89vw, (max-width: 1000px) 54vw, (max-width: 1071px) 543px, 580px\" \/><\/figure>\n\n\n\n<p><em>Gratulation durch den SPD-Fraktionsvorsitzenden Ingo Vogel<\/em><\/p>\n\n\n\n<p>Fotos: Daniel Behmenburg<\/p>\n","protected":false},"excerpt":{"rendered":"<p>Pressemitteilung der SPD Kettwig Die Kettwiger Sozialdemokraten gratulieren ihrem Vorstandsmitglied Susanne Gilbert ganz herzlich zum Einzug in den Rat der Stadt Essen. Die Kettwigerin wurde in der gestrigen Sitzung des Stadtrates durch den Oberb\u00fcrgermeister verpflichtet. Sie tritt die Nachfolge von Julia Kahle-Hausmann an, die nach ihrer Wahl in den Landtag von Nordrhein-Westfalen ihr Ratsmandat niedergelegt &hellip; <\/p>\n<p class=\"link-more\"><a href=\"https:\/\/spd-kettwig.de\/?p=794\" class=\"more-link\"><span class=\"screen-reader-text\">\u201eDie SPD in Kettwig gratuliert Susanne Gilbert zum Einzug in den Rat der Stadt Essen\u201c<\/span> weiterlesen<\/a><\/p>\n","protected":false},"author":6,"featured_media":830,"comment_status":"open","ping_status":"open","sticky":false,"template":"","format":"standard","meta":[],"categories":[263],"tags":[22,455,153,454,65,221,195],"_links":{"self":[{"href":"https:\/\/spd-kettwig.de\/index.php?rest_route=\/wp\/v2\/posts\/794"}],"collection":[{"href":"https:\/\/spd-kettwig.de\/index.php?rest_route=\/wp\/v2\/posts"}],"about":[{"href":"https:\/\/spd-kettwig.de\/index.php?rest_route=\/wp\/v2\/types\/post"}],"author":[{"embeddable":true,"href":"https:\/\/spd-kettwig.de\/index.php?rest_route=\/wp\/v2\/users\/6"}],"replies":[{"embeddable":true,"href":"https:\/\/spd-kettwig.de\/index.php?rest_route=%2Fwp%2Fv2%2Fcomments&post=794"}],"version-history":[{"count":6,"href":"https:\/\/spd-kettwig.de\/index.php?rest_route=\/wp\/v2\/posts\/794\/revisions"}],"predecessor-version":[{"id":836,"href":"https:\/\/spd-kettwig.de\/index.php?rest_route=\/wp\/v2\/posts\/794\/revisions\/836"}],"wp:featuredmedia":[{"embeddable":true,"href":"https:\/\/spd-kettwig.de\/index.php?rest_route=\/wp\/v2\/media\/830"}],"wp:attachment":[{"href":"https:\/\/spd-kettwig.de\/index.php?rest_route=%2Fwp%2Fv2%2Fmedia&parent=794"}],"wp:term":[{"taxonomy":"category","embeddable":true,"href":"https:\/\/spd-kettwig.de\/index.php?rest_route=%2Fwp%2Fv2%2Fcategories&post=794"},{"taxonomy":"post_tag","embeddable":true,"href":"https:\/\/spd-kettwig.de\/index.php?rest_route=%2Fwp%2Fv2%2Ftags&post=794"}],"curies":[{"name":"wp","href":"https:\/\/api.w.org\/{rel}","templated":true}]}}