{"id":759,"date":"2022-02-19T19:00:00","date_gmt":"2022-02-19T18:00:00","guid":{"rendered":"http:\/\/spd-kettwig.de\/?p=759"},"modified":"2022-02-19T19:00:00","modified_gmt":"2022-02-19T18:00:00","slug":"unser-team-fuer-die-landtagswahl-steht","status":"publish","type":"post","link":"https:\/\/spd-kettwig.de\/?p=759","title":{"rendered":"Unser Team f\u00fcr die Landtagswahl steht!"},"content":{"rendered":"\n<p><em>NRW SPD hat die Landesliste aufgestellt<\/em><\/p>\n\n\n\n<p>Insgesamt 129 Sozialdemokratinnen und Sozialdemokraten aus Nordrhein-Westfalen k\u00e4mpfen gemeinsam mit unserem Spitzenkandidaten <\/p>\n\n\n\n<figure class=\"wp-block-image size-large\"><img decoding=\"async\" loading=\"lazy\" width=\"1024\" height=\"684\" src=\"http:\/\/spd-kettwig.de\/wp-content\/uploads\/2022\/02\/Spitzenkandidat_Thomas_Kutschaty-1024x684.jpg\" alt=\"\" class=\"wp-image-761\" srcset=\"https:\/\/spd-kettwig.de\/wp-content\/uploads\/2022\/02\/Spitzenkandidat_Thomas_Kutschaty-1024x684.jpg 1024w, https:\/\/spd-kettwig.de\/wp-content\/uploads\/2022\/02\/Spitzenkandidat_Thomas_Kutschaty-300x200.jpg 300w, https:\/\/spd-kettwig.de\/wp-content\/uploads\/2022\/02\/Spitzenkandidat_Thomas_Kutschaty-768x513.jpg 768w, https:\/\/spd-kettwig.de\/wp-content\/uploads\/2022\/02\/Spitzenkandidat_Thomas_Kutschaty-1536x1025.jpg 1536w, https:\/\/spd-kettwig.de\/wp-content\/uploads\/2022\/02\/Spitzenkandidat_Thomas_Kutschaty.jpg 1600w\" sizes=\"(max-width: 767px) 89vw, (max-width: 1000px) 54vw, (max-width: 1071px) 543px, 580px\" \/><\/figure>\n\n\n\n<p>Thomas Kutrschaty <\/p>\n\n\n\n<p>und unserer Kandidatin f\u00fcr den Essener S\u00fcden <\/p>\n\n\n\n<figure class=\"wp-block-image size-large\"><img decoding=\"async\" loading=\"lazy\" width=\"1024\" height=\"691\" src=\"http:\/\/spd-kettwig.de\/wp-content\/uploads\/2022\/02\/PHOTO-2021-10-01-13-30-09-1024x691.jpg\" alt=\"\" class=\"wp-image-762\" srcset=\"https:\/\/spd-kettwig.de\/wp-content\/uploads\/2022\/02\/PHOTO-2021-10-01-13-30-09-1024x691.jpg 1024w, https:\/\/spd-kettwig.de\/wp-content\/uploads\/2022\/02\/PHOTO-2021-10-01-13-30-09-300x202.jpg 300w, https:\/\/spd-kettwig.de\/wp-content\/uploads\/2022\/02\/PHOTO-2021-10-01-13-30-09-768x518.jpg 768w, https:\/\/spd-kettwig.de\/wp-content\/uploads\/2022\/02\/PHOTO-2021-10-01-13-30-09.jpg 1488w\" sizes=\"(max-width: 767px) 89vw, (max-width: 1000px) 54vw, (max-width: 1071px) 543px, 580px\" \/><\/figure>\n\n\n\n<p>Judith Schlupkothen <\/p>\n\n\n\n<p>am 15. Mai f\u00fcr ein besseres NRW von Morgen!<\/p>\n\n\n\n<p>Die komplette Landesliste gibt es <a href=\"https:\/\/www.nrwspd.de\/2022\/02\/19\/unsere-landesliste-fuer-die-landtagsewahl-2022\/\">hier<\/a>.<\/p>\n\n\n\n<p><\/p>\n","protected":false},"excerpt":{"rendered":"<p>NRW SPD hat die Landesliste aufgestellt Insgesamt 129 Sozialdemokratinnen und Sozialdemokraten aus Nordrhein-Westfalen k\u00e4mpfen gemeinsam mit unserem Spitzenkandidaten Thomas Kutrschaty und unserer Kandidatin f\u00fcr den Essener S\u00fcden Judith Schlupkothen am 15. Mai f\u00fcr ein besseres NRW von Morgen! Die komplette Landesliste gibt es hier.<\/p>\n","protected":false},"author":6,"featured_media":760,"comment_status":"open","ping_status":"open","sticky":false,"template":"","format":"standard","meta":[],"categories":[426],"tags":[440,441,439,431,438,429,442,428,65,430],"_links":{"self":[{"href":"https:\/\/spd-kettwig.de\/index.php?rest_route=\/wp\/v2\/posts\/759"}],"collection":[{"href":"https:\/\/spd-kettwig.de\/index.php?rest_route=\/wp\/v2\/posts"}],"about":[{"href":"https:\/\/spd-kettwig.de\/index.php?rest_route=\/wp\/v2\/types\/post"}],"author":[{"embeddable":true,"href":"https:\/\/spd-kettwig.de\/index.php?rest_route=\/wp\/v2\/users\/6"}],"replies":[{"embeddable":true,"href":"https:\/\/spd-kettwig.de\/index.php?rest_route=%2Fwp%2Fv2%2Fcomments&post=759"}],"version-history":[{"count":2,"href":"https:\/\/spd-kettwig.de\/index.php?rest_route=\/wp\/v2\/posts\/759\/revisions"}],"predecessor-version":[{"id":764,"href":"https:\/\/spd-kettwig.de\/index.php?rest_route=\/wp\/v2\/posts\/759\/revisions\/764"}],"wp:featuredmedia":[{"embeddable":true,"href":"https:\/\/spd-kettwig.de\/index.php?rest_route=\/wp\/v2\/media\/760"}],"wp:attachment":[{"href":"https:\/\/spd-kettwig.de\/index.php?rest_route=%2Fwp%2Fv2%2Fmedia&parent=759"}],"wp:term":[{"taxonomy":"category","embeddable":true,"href":"https:\/\/spd-kettwig.de\/index.php?rest_route=%2Fwp%2Fv2%2Fcategories&post=759"},{"taxonomy":"post_tag","embeddable":true,"href":"https:\/\/spd-kettwig.de\/index.php?rest_route=%2Fwp%2Fv2%2Ftags&post=759"}],"curies":[{"name":"wp","href":"https:\/\/api.w.org\/{rel}","templated":true}]}}