{"id":736,"date":"2021-11-27T20:47:00","date_gmt":"2021-11-27T19:47:00","guid":{"rendered":"http:\/\/spd-kettwig.de\/?p=736"},"modified":"2022-01-02T18:48:27","modified_gmt":"2022-01-02T17:48:27","slug":"parkpalette-am-kettwiger-bahnhof-kommt-ende-2023-spd-in-kettwig-begruesst-wichtigen-schritt-fuer-pendlerinnen-und-pendler","status":"publish","type":"post","link":"https:\/\/spd-kettwig.de\/?p=736","title":{"rendered":"Parkpalette am Kettwiger Bahnhof kommt Ende 2023 | SPD in Kettwig begr\u00fc\u00dft wichtigen Schritt f\u00fcr Pendlerinnen und Pendler"},"content":{"rendered":"\n<p>Pressemitteilung der SPD Kettwig<\/p>\n\n\n\n<p>In der gestrigen Sitzung des Ausschusses f\u00fcr Verkehr und Mobilit\u00e4t hat die Verwaltung einen Sachstand zur Parkpalette am Kettwiger S-Bahnhof gegeben. Anfang 2022 wird ein Architekturb\u00fcro beauftragt werden, Anfang 2023 das Grundst\u00fcck vorbereitet und danach mit der Erschlie\u00dfung und der Errichtung des Parkdecks begonnen. Die Freigabe zur \u00f6ffentlichen Nutzung wird dann im 4. Quartal 2023 sein.<\/p>\n\n\n\n<p>\u201eWir als Kettwiger SPD begr\u00fc\u00dfen, dass es hier voran geht. Dieser nicht mehr zumutbare Platz aus Matsch und Schotter wird endlich durch einen zeitgem\u00e4\u00dfen mehrst\u00f6ckigen Pendlerparkplatz mit einer ausreichenden Anzahl an Stellpl\u00e4tzen ersetzt. Eine fr\u00fchere Umsetzung w\u00e4re zwar w\u00fcnschenswert, aber die Lieferzeit f\u00fcr die Parkpl\u00e4tze-Module betr\u00e4gt 6 bis 12 Monate\u201c, so der Kettwiger Ratsherr Daniel Behmenburg, der auch an der gestrigen Sitzung des Ausschusses teilgenommen hat.<\/p>\n\n\n\n<p>Susanne Gilbert, Fraktionsvorsitzende in der Bezirksvertretung IX erg\u00e4nzt: \u201eIch danke der Verwaltung, dass sie an diesem fraktions\u00fcbergreifend vorangetriebenen Thema drangeblieben ist. Ein weiterer wichtiger Schritt, um den Menschen den Umstieg vom Auto auf die Bahn schmackhaft zu machen. Dar\u00fcber hinaus ist es auch eine Entlastung f\u00fcr die Parkpl\u00e4tze des B\u00fcrger-, Sport- und Kulturzentrums Alter Bahnhof Kettwig. Rundum gelungen, wir freuen uns auf die Umsetzung.\u201c<\/p>\n","protected":false},"excerpt":{"rendered":"<p>Pressemitteilung der SPD Kettwig In der gestrigen Sitzung des Ausschusses f\u00fcr Verkehr und Mobilit\u00e4t hat die Verwaltung einen Sachstand zur Parkpalette am Kettwiger S-Bahnhof gegeben. Anfang 2022 wird ein Architekturb\u00fcro beauftragt werden, Anfang 2023 das Grundst\u00fcck vorbereitet und danach mit der Erschlie\u00dfung und der Errichtung des Parkdecks begonnen. Die Freigabe zur \u00f6ffentlichen Nutzung wird dann &hellip; <\/p>\n<p class=\"link-more\"><a href=\"https:\/\/spd-kettwig.de\/?p=736\" class=\"more-link\"><span class=\"screen-reader-text\">\u201eParkpalette am Kettwiger Bahnhof kommt Ende 2023 | SPD in Kettwig begr\u00fc\u00dft wichtigen Schritt f\u00fcr Pendlerinnen und Pendler\u201c<\/span> weiterlesen<\/a><\/p>\n","protected":false},"author":6,"featured_media":0,"comment_status":"open","ping_status":"open","sticky":false,"template":"","format":"standard","meta":[],"categories":[5],"tags":[408,407,95,411,22,412,405,409,410,413,195],"_links":{"self":[{"href":"https:\/\/spd-kettwig.de\/index.php?rest_route=\/wp\/v2\/posts\/736"}],"collection":[{"href":"https:\/\/spd-kettwig.de\/index.php?rest_route=\/wp\/v2\/posts"}],"about":[{"href":"https:\/\/spd-kettwig.de\/index.php?rest_route=\/wp\/v2\/types\/post"}],"author":[{"embeddable":true,"href":"https:\/\/spd-kettwig.de\/index.php?rest_route=\/wp\/v2\/users\/6"}],"replies":[{"embeddable":true,"href":"https:\/\/spd-kettwig.de\/index.php?rest_route=%2Fwp%2Fv2%2Fcomments&post=736"}],"version-history":[{"count":1,"href":"https:\/\/spd-kettwig.de\/index.php?rest_route=\/wp\/v2\/posts\/736\/revisions"}],"predecessor-version":[{"id":737,"href":"https:\/\/spd-kettwig.de\/index.php?rest_route=\/wp\/v2\/posts\/736\/revisions\/737"}],"wp:attachment":[{"href":"https:\/\/spd-kettwig.de\/index.php?rest_route=%2Fwp%2Fv2%2Fmedia&parent=736"}],"wp:term":[{"taxonomy":"category","embeddable":true,"href":"https:\/\/spd-kettwig.de\/index.php?rest_route=%2Fwp%2Fv2%2Fcategories&post=736"},{"taxonomy":"post_tag","embeddable":true,"href":"https:\/\/spd-kettwig.de\/index.php?rest_route=%2Fwp%2Fv2%2Ftags&post=736"}],"curies":[{"name":"wp","href":"https:\/\/api.w.org\/{rel}","templated":true}]}}