{"id":695,"date":"2021-09-10T09:30:00","date_gmt":"2021-09-10T07:30:00","guid":{"rendered":"http:\/\/spd-kettwig.de\/?p=695"},"modified":"2021-08-20T19:29:15","modified_gmt":"2021-08-20T17:29:15","slug":"kinder-foerdern-familien-staerken","status":"publish","type":"post","link":"https:\/\/spd-kettwig.de\/?p=695","title":{"rendered":"Kinder f\u00f6rdern, Familien st\u00e4rken"},"content":{"rendered":"\n<p>Unser Land steht Anfang der 20er Jahre vor gro\u00dfen Zukunftsaufgaben, die wir nur gemeinsam schaffen k\u00f6nnen \u2013 in Respekt voreinander. Die Zukunft geh\u00f6rt unseren Kindern und Jugendlichen<\/p>\n\n\n\n<div class=\"wp-block-image\"><figure class=\"alignright size-large\"><img decoding=\"async\" loading=\"lazy\" width=\"200\" height=\"322\" src=\"http:\/\/spd-kettwig.de\/wp-content\/uploads\/2021\/08\/SPD_Logo_vert_Rot_CMYK_mini.png\" alt=\"\" class=\"wp-image-719\" srcset=\"https:\/\/spd-kettwig.de\/wp-content\/uploads\/2021\/08\/SPD_Logo_vert_Rot_CMYK_mini.png 200w, https:\/\/spd-kettwig.de\/wp-content\/uploads\/2021\/08\/SPD_Logo_vert_Rot_CMYK_mini-186x300.png 186w\" sizes=\"(max-width: 200px) 100vw, 200px\" \/><\/figure><\/div>\n\n\n\n<p>Darum stehen wir f\u00fcr den Ausbau von Ganztagsunterricht, f\u00fcr eine Ausbildungsgarantie und ein besseres BAf\u00f6G.<\/p>\n\n\n\n<p>Chancen und Teihabe sind f\u00fcr viele Familien auch eine Frage des Geldes. Darum f\u00fchren wir ein neues Kindergeld ein, das allen zugutekommt, aber einkommensschw\u00e4chere Familien besonders unterst\u00fctzt. Damit alle Kinder gute aufwachsen k\u00f6nnen und sich ihre Hobbys im Freundeskreis auch leisten k\u00f6nnen.<\/p>\n\n\n\n<p>Um das alles zu erreichen, braucht unser Land eine Zukunftsfregierung.<\/p>\n\n\n\n<p>Die SPD und Olaf Scholz sind bereit, diese zu f\u00fchren.<\/p>\n\n\n\n<p><em>Scholz Packt Das An.<\/em><\/p>\n\n\n\n<figure class=\"wp-block-image size-large\"><a href=\"olaf-scholz.de\"><img decoding=\"async\" loading=\"lazy\" width=\"624\" height=\"80\" src=\"http:\/\/spd-kettwig.de\/wp-content\/uploads\/2021\/08\/SPD_PV_Banner_KK-Website_Logo_468x60px.png\" alt=\"\" class=\"wp-image-703\" srcset=\"https:\/\/spd-kettwig.de\/wp-content\/uploads\/2021\/08\/SPD_PV_Banner_KK-Website_Logo_468x60px.png 624w, https:\/\/spd-kettwig.de\/wp-content\/uploads\/2021\/08\/SPD_PV_Banner_KK-Website_Logo_468x60px-300x38.png 300w\" sizes=\"(max-width: 624px) 100vw, 624px\" \/><\/a><\/figure>\n","protected":false},"excerpt":{"rendered":"<p>Unser Land steht Anfang der 20er Jahre vor gro\u00dfen Zukunftsaufgaben, die wir nur gemeinsam schaffen k\u00f6nnen \u2013 in Respekt voreinander. Die Zukunft geh\u00f6rt unseren Kindern und Jugendlichen Darum stehen wir f\u00fcr den Ausbau von Ganztagsunterricht, f\u00fcr eine Ausbildungsgarantie und ein besseres BAf\u00f6G. Chancen und Teihabe sind f\u00fcr viele Familien auch eine Frage des Geldes. Darum &hellip; <\/p>\n<p class=\"link-more\"><a href=\"https:\/\/spd-kettwig.de\/?p=695\" class=\"more-link\"><span class=\"screen-reader-text\">\u201eKinder f\u00f6rdern, Familien st\u00e4rken\u201c<\/span> weiterlesen<\/a><\/p>\n","protected":false},"author":6,"featured_media":714,"comment_status":"open","ping_status":"open","sticky":false,"template":"","format":"standard","meta":[],"categories":[384,1],"tags":[388,387,389,141,386,391,373,355,390,343],"_links":{"self":[{"href":"https:\/\/spd-kettwig.de\/index.php?rest_route=\/wp\/v2\/posts\/695"}],"collection":[{"href":"https:\/\/spd-kettwig.de\/index.php?rest_route=\/wp\/v2\/posts"}],"about":[{"href":"https:\/\/spd-kettwig.de\/index.php?rest_route=\/wp\/v2\/types\/post"}],"author":[{"embeddable":true,"href":"https:\/\/spd-kettwig.de\/index.php?rest_route=\/wp\/v2\/users\/6"}],"replies":[{"embeddable":true,"href":"https:\/\/spd-kettwig.de\/index.php?rest_route=%2Fwp%2Fv2%2Fcomments&post=695"}],"version-history":[{"count":3,"href":"https:\/\/spd-kettwig.de\/index.php?rest_route=\/wp\/v2\/posts\/695\/revisions"}],"predecessor-version":[{"id":725,"href":"https:\/\/spd-kettwig.de\/index.php?rest_route=\/wp\/v2\/posts\/695\/revisions\/725"}],"wp:featuredmedia":[{"embeddable":true,"href":"https:\/\/spd-kettwig.de\/index.php?rest_route=\/wp\/v2\/media\/714"}],"wp:attachment":[{"href":"https:\/\/spd-kettwig.de\/index.php?rest_route=%2Fwp%2Fv2%2Fmedia&parent=695"}],"wp:term":[{"taxonomy":"category","embeddable":true,"href":"https:\/\/spd-kettwig.de\/index.php?rest_route=%2Fwp%2Fv2%2Fcategories&post=695"},{"taxonomy":"post_tag","embeddable":true,"href":"https:\/\/spd-kettwig.de\/index.php?rest_route=%2Fwp%2Fv2%2Ftags&post=695"}],"curies":[{"name":"wp","href":"https:\/\/api.w.org\/{rel}","templated":true}]}}