{"id":646,"date":"2021-04-27T16:16:06","date_gmt":"2021-04-27T14:16:06","guid":{"rendered":"http:\/\/spd-kettwig.de\/?p=646"},"modified":"2021-05-14T16:17:22","modified_gmt":"2021-05-14T14:17:22","slug":"thomas-kutschaty-solidaritaet-ist-zukunft-heisst-auch-die-gute-arbeit-von-morgen-und-den-sozialen-neustart-gestalten","status":"publish","type":"post","link":"https:\/\/spd-kettwig.de\/?p=646","title":{"rendered":"Thomas Kutschaty: \u201eSolidarit\u00e4t ist Zukunft hei\u00dft auch: Die Gute Arbeit von morgen und den sozialen Neustart gestalten\u201c"},"content":{"rendered":"\n<p><em>Pressemitteilung der SPD-Fraktion im Landtag Nordrhein-Westfalen<\/em><\/p>\n\n\n\n<p>Zu Beginn des Jahres hat die SPD-Fraktion im Landtag NRW vier Schwerpunktthemen f\u00fcr ihre parlamentarische Arbeit bis zum Ende der Legislaturperiode bestimmt. Mit ihrem Antrag \u201eDie Gute Arbeit von morgen f\u00fcr Nordrhein-Westfalen\u201c hat sie nun dazu den ersten Leitantrag aus dem Bereich Arbeit und Wirtschaft vorgelegt, der diese Woche im Plenum beraten wird. Hierzu erkl\u00e4rt Thomas Kutschaty, Vorsitzender der SPD-Fraktion im Landtag NRW:<\/p>\n\n\n\n<p>\u201eMehr als eine Millionen Menschen haben in den vergangenen 13 Monaten w\u00e4hrend der Pandemie ihren Job verloren. Nur dank Kurzarbeit und einem Exportboom ist es nicht zu einem noch massiveren Einbruch auf dem Arbeitsmarkt gekommen. Dennoch t\u00e4uschen die Zahlen nicht: Die Arbeitslosigkeit liegt deutschlandweit im M\u00e4rz 2021 wieder bei 2,8 Millionen. Besonders beunruhigt uns in diesem Zusammenhang, dass die Zahl der Langzeitarbeitslosen um mehr als 300.000 gestiegen ist.<\/p>\n\n\n\n<p>Das zeigt: Wir brauchen einen sozialen und wirtschaftlichen Neustart. NRW kann 2030 ein Land mit Vollbesch\u00e4ftigung bei hohen L\u00f6hnen, mehr Lebensqualit\u00e4t und weniger Ungleichheit sein. Kurzum: Ein Land mit Guter Arbeit f\u00fcr alle. Dazu m\u00fcssen wir aber jetzt die Grundlagen f\u00fcr sozial-\u00f6kologischen Fortschritt schaffen.<\/p>\n\n\n\n<p>Wir machen uns deshalb stark f\u00fcr ein Investitionsprogramm in H\u00f6he von 30 Milliarden Euro f\u00fcr Klimaschutz, Digitalisierung und Besch\u00e4ftigung. Der Fonds soll zur St\u00e4rkung von Unternehmen dienen, die ihre Gesch\u00e4ftsmodelle und Produktionsprozesse klimaneutral gestalten wollen. Dar\u00fcber hinaus fordern wir einen landesweiten Roll-out des Bottroper Erfolgsmodells ,Innovation City\u2019. Das Modellprojekt zeigt, dass die Energiewende ohne soziale Verwerfungen m\u00f6glich ist. Wir wollen deshalb \u201aInnovation Cities\u2019 in ganz NRW.<\/p>\n\n\n\n<p>Nordrhein-Westfalen muss zudem wieder Mitbestimmungsland sein. Wir wollen daher ein Landesprogramm zur F\u00f6rderung von Betriebsratsgr\u00fcndungen in NRW. Insbesondere im Dienstleistungsbereich und in Branchen mit hohem Frauenanteil ist das mehr als geboten. Respekt und Leistungsgerechtigkeit m\u00fcssen zentraler Bestandteil des Neustarts sein. Ein \u201aB\u00fcndnis f\u00fcr Tariftreue\u2018 zwischen Landesregierung und Tarifpartnern soll dazu beitragen, um nach geltendem Recht mehr Tarifvertr\u00e4ge f\u00fcr allgemeinverbindlich zu erkl\u00e4ren.<\/p>\n\n\n\n<p>Solidarit\u00e4t ist Zukunft hei\u00dft auch: Die Gute Arbeit von morgen gestalten. Jeder Beruf, jeder Job, jede T\u00e4tigkeit hat Wertsch\u00e4tzung, Leistungsgerechtigkeit und Sicherheit verdient. Nur mit guten Arbeitsbedingungen werden wir den sozialen Neustart schaffen. Wir fordern deshalb die sofortige Schaffung von 1.000 neuen Stellen beim Arbeitsschutz. Es muss uns gelingen, die Arbeitsschutzverwaltung NRW zu einer modernen und technisch gut ausgestatteten Eingreiftruppe auszubauen.<\/p>\n\n\n\n<p>Wir wollen die Zukunft dieses Landes gestalten. Mit dem jetzt vorgelegten Antrag legen wir die Weichen f\u00fcr die Gute Arbeit von morgen. Als solidarische Gesellschaft k\u00f6nnen wir gest\u00e4rkt aus dieser Krise hervorgehen.\u201c<\/p>\n","protected":false},"excerpt":{"rendered":"<p>Pressemitteilung der SPD-Fraktion im Landtag Nordrhein-Westfalen Zu Beginn des Jahres hat die SPD-Fraktion im Landtag NRW vier Schwerpunktthemen f\u00fcr ihre parlamentarische Arbeit bis zum Ende der Legislaturperiode bestimmt. Mit ihrem Antrag \u201eDie Gute Arbeit von morgen f\u00fcr Nordrhein-Westfalen\u201c hat sie nun dazu den ersten Leitantrag aus dem Bereich Arbeit und Wirtschaft vorgelegt, der diese Woche &hellip; <\/p>\n<p class=\"link-more\"><a href=\"https:\/\/spd-kettwig.de\/?p=646\" class=\"more-link\"><span class=\"screen-reader-text\">\u201eThomas Kutschaty: \u201eSolidarit\u00e4t ist Zukunft hei\u00dft auch: Die Gute Arbeit von morgen und den sozialen Neustart gestalten\u201c\u201c<\/span> weiterlesen<\/a><\/p>\n","protected":false},"author":6,"featured_media":608,"comment_status":"open","ping_status":"open","sticky":false,"template":"","format":"standard","meta":[],"categories":[264],"tags":[347,348,349,346,341,344,342,345,343],"_links":{"self":[{"href":"https:\/\/spd-kettwig.de\/index.php?rest_route=\/wp\/v2\/posts\/646"}],"collection":[{"href":"https:\/\/spd-kettwig.de\/index.php?rest_route=\/wp\/v2\/posts"}],"about":[{"href":"https:\/\/spd-kettwig.de\/index.php?rest_route=\/wp\/v2\/types\/post"}],"author":[{"embeddable":true,"href":"https:\/\/spd-kettwig.de\/index.php?rest_route=\/wp\/v2\/users\/6"}],"replies":[{"embeddable":true,"href":"https:\/\/spd-kettwig.de\/index.php?rest_route=%2Fwp%2Fv2%2Fcomments&post=646"}],"version-history":[{"count":1,"href":"https:\/\/spd-kettwig.de\/index.php?rest_route=\/wp\/v2\/posts\/646\/revisions"}],"predecessor-version":[{"id":647,"href":"https:\/\/spd-kettwig.de\/index.php?rest_route=\/wp\/v2\/posts\/646\/revisions\/647"}],"wp:featuredmedia":[{"embeddable":true,"href":"https:\/\/spd-kettwig.de\/index.php?rest_route=\/wp\/v2\/media\/608"}],"wp:attachment":[{"href":"https:\/\/spd-kettwig.de\/index.php?rest_route=%2Fwp%2Fv2%2Fmedia&parent=646"}],"wp:term":[{"taxonomy":"category","embeddable":true,"href":"https:\/\/spd-kettwig.de\/index.php?rest_route=%2Fwp%2Fv2%2Fcategories&post=646"},{"taxonomy":"post_tag","embeddable":true,"href":"https:\/\/spd-kettwig.de\/index.php?rest_route=%2Fwp%2Fv2%2Ftags&post=646"}],"curies":[{"name":"wp","href":"https:\/\/api.w.org\/{rel}","templated":true}]}}