{"id":623,"date":"2021-05-06T14:34:00","date_gmt":"2021-05-06T12:34:00","guid":{"rendered":"http:\/\/spd-kettwig.de\/?p=623"},"modified":"2021-05-14T17:45:33","modified_gmt":"2021-05-14T15:45:33","slug":"spd-fraktion-wohnungsbau-auf-dem-a40-deckel-unabhaengig-von-olympia-zeitnah-vorantreiben","status":"publish","type":"post","link":"https:\/\/spd-kettwig.de\/?p=623","title":{"rendered":"SPD-Fraktion: Wohnungsbau auf dem A40-Deckel unabh\u00e4ngig von Olympia zeitnah vorantreiben"},"content":{"rendered":"\n<p><em>Pressemitteilung der SPD-Fraktion im Rat der Stadt Essen<\/em><\/p>\n\n\n\n<p>Die SPD-Fraktion im Rat der Stadt Essen steht nach wie vor zu dem Entschluss, sich f\u00fcr eine Austragung der Olympischen Spiele zu bewerben. Indessen ist die Gestaltung nachhaltiger und dringend ben\u00f6tigter Wohnungen auf dem A40-Deckel zu wichtig, um sie von den olympischen Sommerspielen abh\u00e4ngig zu machen.<\/p>\n\n\n\n<p>\u201eIn der letzten Legislaturperiode haben wir uns im Rat der Stadt gemeinsam daf\u00fcr ausgesprochen, dass Olympia 2032 auch in unserer Stadt stattfinden soll. Die SPD-Fraktion hat das Votum pro Olympia auch dieses Jahr noch einmal bekr\u00e4ftigt. Daher ist es nur stringent, sich im Revier auch auf die Austragung der Spiele in den Folgejahren vorzubereiten, falls die Rhein-Ruhr-Region den Zuschlag f\u00fcr die Austragung im Jahr 2032 leider nicht erh\u00e4lt\u201c, zeigt sich <strong>Daniel Behmenburg, sportpolitischer Sprecher der SPD-Fraktion<\/strong>, ambitioniert.<\/p>\n\n\n\n<p>Die SPD-Fraktion will die einmalige Gelegenheit, Wohnraum zu schaffen und gleichzeitig die Lebensqualit\u00e4t der Anwohnerinnen immens zu erh\u00f6hen, nicht von der Entscheidung eines olympischen Komitees abh\u00e4ngig machen. Philipp Rosenau, planungspolitischer Sprecher der SPD-Fraktion, unterstreicht: \u201eDie von der Verwaltung vorgeschlagene Wohnbebauung auf dem von uns seit Jahrzehnten geforderten A40-Deckel zeigt, welch gro\u00dfes Potenzial in einem solchen Projekt schlummert. Der Wohnraumbedarf in Essen ist gro\u00df und die L\u00e4rmbelastung f\u00fcr die Anwohnerinnen an der A40 enorm. Daher werden wir uns daf\u00fcr einsetzen, dass die Planung des A40-Deckels und die Wohnbebauung f\u00fcr bis zu 3000 Anwohnerinnen auch unabh\u00e4ngig von Olympia nun schnellstm\u00f6glich vorangetrieben werden.\u201c<\/p>\n\n\n\n<p>\u201eEssen kann es sich als zehntgr\u00f6\u00dfte Stadt Deutschlands nicht erlauben, ein derart nachhaltiges Projekt auf die lange Bank zu schieben. Eine z\u00fcgige Bebauung des A40-Deckels f\u00fchrt nicht nur zu einer Symbiose aus Umweltschutz, Verkehrswende, Gesundheitsvorsorge und idealer Fl\u00e4chennutzung, sondern sie verbindet auch die k\u00fcnstlich getrennten Stadtteile Frohnhausen und Holsterhausen\u201c, res\u00fcmiert <strong>Fraktionsvorsitzender Ingo Vogel.<\/strong><\/p>\n","protected":false},"excerpt":{"rendered":"<p>Pressemitteilung der SPD-Fraktion im Rat der Stadt Essen Die SPD-Fraktion im Rat der Stadt Essen steht nach wie vor zu dem Entschluss, sich f\u00fcr eine Austragung der Olympischen Spiele zu bewerben. Indessen ist die Gestaltung nachhaltiger und dringend ben\u00f6tigter Wohnungen auf dem A40-Deckel zu wichtig, um sie von den olympischen Sommerspielen abh\u00e4ngig zu machen. \u201eIn &hellip; <\/p>\n<p class=\"link-more\"><a href=\"https:\/\/spd-kettwig.de\/?p=623\" class=\"more-link\"><span class=\"screen-reader-text\">\u201eSPD-Fraktion: Wohnungsbau auf dem A40-Deckel unabh\u00e4ngig von Olympia zeitnah vorantreiben\u201c<\/span> weiterlesen<\/a><\/p>\n","protected":false},"author":6,"featured_media":633,"comment_status":"open","ping_status":"open","sticky":false,"template":"","format":"standard","meta":[],"categories":[263],"tags":[340,336,134,337,341,338,160,339],"_links":{"self":[{"href":"https:\/\/spd-kettwig.de\/index.php?rest_route=\/wp\/v2\/posts\/623"}],"collection":[{"href":"https:\/\/spd-kettwig.de\/index.php?rest_route=\/wp\/v2\/posts"}],"about":[{"href":"https:\/\/spd-kettwig.de\/index.php?rest_route=\/wp\/v2\/types\/post"}],"author":[{"embeddable":true,"href":"https:\/\/spd-kettwig.de\/index.php?rest_route=\/wp\/v2\/users\/6"}],"replies":[{"embeddable":true,"href":"https:\/\/spd-kettwig.de\/index.php?rest_route=%2Fwp%2Fv2%2Fcomments&post=623"}],"version-history":[{"count":3,"href":"https:\/\/spd-kettwig.de\/index.php?rest_route=\/wp\/v2\/posts\/623\/revisions"}],"predecessor-version":[{"id":672,"href":"https:\/\/spd-kettwig.de\/index.php?rest_route=\/wp\/v2\/posts\/623\/revisions\/672"}],"wp:featuredmedia":[{"embeddable":true,"href":"https:\/\/spd-kettwig.de\/index.php?rest_route=\/wp\/v2\/media\/633"}],"wp:attachment":[{"href":"https:\/\/spd-kettwig.de\/index.php?rest_route=%2Fwp%2Fv2%2Fmedia&parent=623"}],"wp:term":[{"taxonomy":"category","embeddable":true,"href":"https:\/\/spd-kettwig.de\/index.php?rest_route=%2Fwp%2Fv2%2Fcategories&post=623"},{"taxonomy":"post_tag","embeddable":true,"href":"https:\/\/spd-kettwig.de\/index.php?rest_route=%2Fwp%2Fv2%2Ftags&post=623"}],"curies":[{"name":"wp","href":"https:\/\/api.w.org\/{rel}","templated":true}]}}