{"id":614,"date":"2021-03-26T14:47:34","date_gmt":"2021-03-26T13:47:34","guid":{"rendered":"http:\/\/spd-kettwig.de\/?p=614"},"modified":"2021-05-14T17:47:45","modified_gmt":"2021-05-14T15:47:45","slug":"wiederaufnahme-des-schwimmtrainings-ab-montag-ist-ein-wichtiger-schritt","status":"publish","type":"post","link":"https:\/\/spd-kettwig.de\/?p=614","title":{"rendered":"Wiederaufnahme des Schwimmtrainings ab Montag ist ein wichtiger Schritt"},"content":{"rendered":"\n<p><em>Pressemitteilung der Fraktion im Rat der Stadt Essen<\/em><\/p>\n\n\n\n<p>Stadt muss nun schnell die Voraussetzungen f\u00fcr Vereine schaffen<\/p>\n\n\n\n<p>In der neuen, ab Montag g\u00fcltigen, Coronaschutzverordnung des Landes NRW wird zum ersten Mal auch der Bereich des Schwimmens in den Fokus genommen. Das begr\u00fc\u00dft die SPD-Fraktion. Ihr <strong>sportpolitischer Sprecher Daniel Behmenburg <\/strong>f\u00fchrt hierzu aus:<\/p>\n\n\n\n<p>\u201eEs ist zu begr\u00fc\u00dfen, dass mit der nun vorliegenden Fassung der Coronaschutzverordnung des Landes auch das Schwimmtraining in den Fokus genommen wird. Bedauerlich ist, dass genaue Regelungen leider fehlen und die Kommunen hier wieder auf sich gestellt sind. So fehlt insbesondere eine Regelung, wieviel Gruppen mit wieviel Abstand denn nun ins Wasser d\u00fcrfen.&nbsp;<\/p>\n\n\n\n<p>Bereits vor der Corona-Pandemie gab es erschreckend viele Kinder, die nicht richtig schwimmen konnten. Ein gro\u00dfes Problem, das durch den Wegfall der Schwimmkurse seit nunmehr Monaten noch einmal versch\u00e4rft wurde. Eine meines Erachtens untersch\u00e4tzte Langfolge der Corona-Pandemie. Das wird uns als Gesellschaft noch lange Zeit besch\u00e4ftigen.<\/p>\n\n\n\n<p>Aus vielen Gespr\u00e4chen mit den ehrenamtlich Aktiven in den Schwimmvereinen wei\u00df ich, dass sich dort bereits seit einem Jahr ausf\u00fchrlich Gedanken \u00fcber ein coronagerechtes Schwimmtraining gemacht wird und die Konzepte seit langem in der Schublade liegen. Nun ist die Stadt Essen gefordert, f\u00fcr das Schwimmtraining auch die Voraussetzungen in den st\u00e4dtischen B\u00e4dern zu schaffen. Und zwar schnell und unb\u00fcrokratisch im engen Dialog und Schulterschluss mit den Vereinen. Unsere konstruktive Unterst\u00fctzung hierbei sage ich gerne zu.\u201c<\/p>\n","protected":false},"excerpt":{"rendered":"<p>Pressemitteilung der Fraktion im Rat der Stadt Essen Stadt muss nun schnell die Voraussetzungen f\u00fcr Vereine schaffen In der neuen, ab Montag g\u00fcltigen, Coronaschutzverordnung des Landes NRW wird zum ersten Mal auch der Bereich des Schwimmens in den Fokus genommen. Das begr\u00fc\u00dft die SPD-Fraktion. Ihr sportpolitischer Sprecher Daniel Behmenburg f\u00fchrt hierzu aus: \u201eEs ist zu &hellip; <\/p>\n<p class=\"link-more\"><a href=\"https:\/\/spd-kettwig.de\/?p=614\" class=\"more-link\"><span class=\"screen-reader-text\">\u201eWiederaufnahme des Schwimmtrainings ab Montag ist ein wichtiger Schritt\u201c<\/span> weiterlesen<\/a><\/p>\n","protected":false},"author":6,"featured_media":627,"comment_status":"open","ping_status":"open","sticky":false,"template":"","format":"standard","meta":[],"categories":[263],"tags":[93,22,289,132,287,290,244,288],"_links":{"self":[{"href":"https:\/\/spd-kettwig.de\/index.php?rest_route=\/wp\/v2\/posts\/614"}],"collection":[{"href":"https:\/\/spd-kettwig.de\/index.php?rest_route=\/wp\/v2\/posts"}],"about":[{"href":"https:\/\/spd-kettwig.de\/index.php?rest_route=\/wp\/v2\/types\/post"}],"author":[{"embeddable":true,"href":"https:\/\/spd-kettwig.de\/index.php?rest_route=\/wp\/v2\/users\/6"}],"replies":[{"embeddable":true,"href":"https:\/\/spd-kettwig.de\/index.php?rest_route=%2Fwp%2Fv2%2Fcomments&post=614"}],"version-history":[{"count":2,"href":"https:\/\/spd-kettwig.de\/index.php?rest_route=\/wp\/v2\/posts\/614\/revisions"}],"predecessor-version":[{"id":676,"href":"https:\/\/spd-kettwig.de\/index.php?rest_route=\/wp\/v2\/posts\/614\/revisions\/676"}],"wp:featuredmedia":[{"embeddable":true,"href":"https:\/\/spd-kettwig.de\/index.php?rest_route=\/wp\/v2\/media\/627"}],"wp:attachment":[{"href":"https:\/\/spd-kettwig.de\/index.php?rest_route=%2Fwp%2Fv2%2Fmedia&parent=614"}],"wp:term":[{"taxonomy":"category","embeddable":true,"href":"https:\/\/spd-kettwig.de\/index.php?rest_route=%2Fwp%2Fv2%2Fcategories&post=614"},{"taxonomy":"post_tag","embeddable":true,"href":"https:\/\/spd-kettwig.de\/index.php?rest_route=%2Fwp%2Fv2%2Ftags&post=614"}],"curies":[{"name":"wp","href":"https:\/\/api.w.org\/{rel}","templated":true}]}}