{"id":605,"date":"2020-12-19T22:38:00","date_gmt":"2020-12-19T21:38:00","guid":{"rendered":"http:\/\/spd-kettwig.de\/?p=605"},"modified":"2021-01-25T22:40:03","modified_gmt":"2021-01-25T21:40:03","slug":"spd-landtagsfraktion-sozialerfortschritt","status":"publish","type":"post","link":"https:\/\/spd-kettwig.de\/?p=605","title":{"rendered":"SPD-Landtagsfraktion: # SozialerFortschritt"},"content":{"rendered":"\n<h3><em><strong>F\u00fcr die Vielen, nicht die Wenigen<\/strong><\/em><\/h3>\n\n\n\n<h3>Unser Fortschrittsprogramm f\u00fcr NRW<\/h3>\n\n\n\n<ul><li>Wir wollen<strong> in den n\u00e4chsten vier Jahren f\u00fcnf Milliarden Euro<\/strong> in die Zukunft von NRW investieren \u2013 in <strong>beste Bildung<\/strong>, <strong>starke Kommunen<\/strong> und den <strong>Klimaschutz<\/strong>.<\/li><li>Mit <strong>2,5 Milliarden Euro<\/strong> kommt die H\u00e4lfte des Fortschrittprogramms dem Bereich <strong>Schule und Bildung<\/strong> zugute. Damit schlie\u00dfen wir an das Programm \u201eGute Schule 2020\u201c an.<\/li><li>Um die Kommunen zu entlasten, wollen wir 300 Millionen Euro f\u00fcr eine <strong>Altschuldenhilfe <\/strong>aufbringen.<\/li><li>Wir wollen in <strong>bezahlbaren Wohnraum<\/strong> investieren, die<strong> IT-Sicherheit in Krankenh\u00e4usern<\/strong> verbessern und eine <strong>klimafreundliche <\/strong>und staufreie <strong>Verkehrspolitik <\/strong>f\u00f6rdern.<\/li><li>Mit diesem Programm gelingt uns der <strong>soziale Neustart <\/strong>nach der Krise \u2013 <strong>f\u00fcr ein starkes NRW<\/strong>.<\/li><\/ul>\n\n\n\n<p>weitere Informationen:<\/p>\n\n\n\n<p><a href=\"https:\/\/www.spd-fraktion-nrw.de\/wp-content\/uploads\/2020\/12\/INFO-20201216-Fortschritt-fuer-NRW.pdf\">Infoblatt<\/a><\/p>\n\n\n\n<p>Brosch\u00fcre #Sozialer Fortschritt <a href=\"https:\/\/www.spd-fraktion-nrw.de\/wp-content\/uploads\/2020\/12\/SPD-Fraktion_NRW_Magazin_Ausgabe_02.pdf\">02\/2020<\/a><\/p>\n\n\n\n<p>Brosch\u00fcre #Sozialer Fortshritt <a href=\"https:\/\/www.spd-fraktion-nrw.de\/wp-content\/uploads\/2020\/04\/SPD-Fraktion_NRW_Magazin_Ausgabe01_DS_Ansichts.pdf\">01\/2020<\/a><\/p>\n\n\n\n<p><\/p>\n","protected":false},"excerpt":{"rendered":"<p>F\u00fcr die Vielen, nicht die Wenigen Unser Fortschrittsprogramm f\u00fcr NRW Wir wollen in den n\u00e4chsten vier Jahren f\u00fcnf Milliarden Euro in die Zukunft von NRW investieren \u2013 in beste Bildung, starke Kommunen und den Klimaschutz. Mit 2,5 Milliarden Euro kommt die H\u00e4lfte des Fortschrittprogramms dem Bereich Schule und Bildung zugute. Damit schlie\u00dfen wir an das &hellip; <\/p>\n<p class=\"link-more\"><a href=\"https:\/\/spd-kettwig.de\/?p=605\" class=\"more-link\"><span class=\"screen-reader-text\">\u201eSPD-Landtagsfraktion: # SozialerFortschritt\u201c<\/span> weiterlesen<\/a><\/p>\n","protected":false},"author":6,"featured_media":608,"comment_status":"open","ping_status":"open","sticky":false,"template":"","format":"standard","meta":[],"categories":[264],"tags":[285,284,283,286,269,281,282],"_links":{"self":[{"href":"https:\/\/spd-kettwig.de\/index.php?rest_route=\/wp\/v2\/posts\/605"}],"collection":[{"href":"https:\/\/spd-kettwig.de\/index.php?rest_route=\/wp\/v2\/posts"}],"about":[{"href":"https:\/\/spd-kettwig.de\/index.php?rest_route=\/wp\/v2\/types\/post"}],"author":[{"embeddable":true,"href":"https:\/\/spd-kettwig.de\/index.php?rest_route=\/wp\/v2\/users\/6"}],"replies":[{"embeddable":true,"href":"https:\/\/spd-kettwig.de\/index.php?rest_route=%2Fwp%2Fv2%2Fcomments&post=605"}],"version-history":[{"count":2,"href":"https:\/\/spd-kettwig.de\/index.php?rest_route=\/wp\/v2\/posts\/605\/revisions"}],"predecessor-version":[{"id":607,"href":"https:\/\/spd-kettwig.de\/index.php?rest_route=\/wp\/v2\/posts\/605\/revisions\/607"}],"wp:featuredmedia":[{"embeddable":true,"href":"https:\/\/spd-kettwig.de\/index.php?rest_route=\/wp\/v2\/media\/608"}],"wp:attachment":[{"href":"https:\/\/spd-kettwig.de\/index.php?rest_route=%2Fwp%2Fv2%2Fmedia&parent=605"}],"wp:term":[{"taxonomy":"category","embeddable":true,"href":"https:\/\/spd-kettwig.de\/index.php?rest_route=%2Fwp%2Fv2%2Fcategories&post=605"},{"taxonomy":"post_tag","embeddable":true,"href":"https:\/\/spd-kettwig.de\/index.php?rest_route=%2Fwp%2Fv2%2Ftags&post=605"}],"curies":[{"name":"wp","href":"https:\/\/api.w.org\/{rel}","templated":true}]}}