{"id":576,"date":"2020-12-31T23:59:00","date_gmt":"2020-12-31T22:59:00","guid":{"rendered":"http:\/\/spd-kettwig.de\/?p=576"},"modified":"2021-01-01T15:57:17","modified_gmt":"2021-01-01T14:57:17","slug":"ein-frohes-neues-jahr","status":"publish","type":"post","link":"https:\/\/spd-kettwig.de\/?p=576","title":{"rendered":"EIN FROHES NEUES JAHR"},"content":{"rendered":"\n<p>Liebe Mitglieder, liebe Freundinnen und Freunde der SPD Kettwig,<\/p>\n\n\n\n<p>die Corona-Pandemie hat uns alle, unsere Gesellschaft und jeden Einzelnen individuell gefordert. Herausforderungen, Anspr\u00fcche und auch Schicksalsschl\u00e4ge pers\u00f6nlicher, beruflicher und auch ehrenamtlicher Natur sind der Begleiter von Vielen von uns gewesen. Dieses Jahr hat uns aber auch teilweise \u00fcber uns hinauswachsen lassen. Neue Wege mussten gefunden werden, um ein wenig Normalit\u00e4t in unserem Leben zu erhalten &#8211; die M\u00f6glichkeiten unserer digitalen Welt haben uns dabei sehr geholfen. Neue Wege haben wir gefunden, um aus k\u00f6rperlicher Distanz trotzdem pers\u00f6nliche N\u00e4he zu machen. Und auch das r\u00fccksichtsvolle Miteinander wurde vielfach neu belebt. Der Blick auf das, was wirklich z\u00e4hlt, was uns bisher ach so selbstverst\u00e4ndlich schien, hat sich in den letzten Monaten ebenfalls gewandelt. Ich hoffe sehr, dass wir diese Vorfreude auf eine bessere Zeit, diese Wertsch\u00e4tzung und auch das Gef\u00fchl von R\u00fccksicht und Nachsicht mit in die Zeit nach der Pandemie nehmen.<\/p>\n\n\n\n<p>Auch uns als Ortsverein hat das Jahr vor Herausforderungen gestellt. Die Sozialdemokratie, die mehr als manche andere politische Richtung vom pers\u00f6nlichen Austausch lebt, musste sich umstellen. Manche Veranstaltung, die wir geplant hatten, ist den aktuellen Verordnungen zum Opfer gefallen &#8211; zuletzt unsere geplante Mitgliederversammlung. Und auch unsere Jubilarinnen- und Jubilar-Ehrung und Weihnachtsfeier, die normalerweise im Dezember stattgefunden h\u00e4tte, schien uns aufgrund der aktuellen Zahl der Infizierten und vor dem Hintergrund, dass auch wir \u00f6ffentlich zur Vorsicht mahnen, nicht angemessen zu sein.<\/p>\n\n\n\n<p>Es gab aber auch positive Nachrichten in diesem Jahr. Zur Kommunalwahl haben wir der Pandemie getrotzt und einen engagierten, zeitaufw\u00e4ndigen und pers\u00f6nlichen Wahlkampf hingelegt, der f\u00fcr uns in Kettwig mit einem tollen Ergebnis gekr\u00f6nt wurde. Daf\u00fcr sagen wir einen herzlichen Dank an alle, die ihren Anteil daran hatten.\u00a0<\/p>\n\n\n\n<p>Nun starten wir alle mit Vorsicht und Umsicht in das neue Jahr und werden schauen, ob und wann wir in diesem Jahr wieder \u00f6ffentlich zusammenkommen k\u00f6nnen. Darauf freuen wir uns jetzt schon.<\/p>\n\n\n\n<p>Bis dahin w\u00fcnsche wir Ihnen: Kommen Sie gut und achtsam ins neue Jahr.<\/p>\n\n\n\n<p>Ihr und Euer Vorstand der SPD Kettwig<\/p>\n","protected":false},"excerpt":{"rendered":"<p>Liebe Mitglieder, liebe Freundinnen und Freunde der SPD Kettwig, die Corona-Pandemie hat uns alle, unsere Gesellschaft und jeden Einzelnen individuell gefordert. Herausforderungen, Anspr\u00fcche und auch Schicksalsschl\u00e4ge pers\u00f6nlicher, beruflicher und auch ehrenamtlicher Natur sind der Begleiter von Vielen von uns gewesen. Dieses Jahr hat uns aber auch teilweise \u00fcber uns hinauswachsen lassen. Neue Wege mussten gefunden &hellip; <\/p>\n<p class=\"link-more\"><a href=\"https:\/\/spd-kettwig.de\/?p=576\" class=\"more-link\"><span class=\"screen-reader-text\">\u201eEIN FROHES NEUES JAHR\u201c<\/span> weiterlesen<\/a><\/p>\n","protected":false},"author":6,"featured_media":577,"comment_status":"open","ping_status":"open","sticky":false,"template":"","format":"standard","meta":[],"categories":[5],"tags":[209,211,208,210],"_links":{"self":[{"href":"https:\/\/spd-kettwig.de\/index.php?rest_route=\/wp\/v2\/posts\/576"}],"collection":[{"href":"https:\/\/spd-kettwig.de\/index.php?rest_route=\/wp\/v2\/posts"}],"about":[{"href":"https:\/\/spd-kettwig.de\/index.php?rest_route=\/wp\/v2\/types\/post"}],"author":[{"embeddable":true,"href":"https:\/\/spd-kettwig.de\/index.php?rest_route=\/wp\/v2\/users\/6"}],"replies":[{"embeddable":true,"href":"https:\/\/spd-kettwig.de\/index.php?rest_route=%2Fwp%2Fv2%2Fcomments&post=576"}],"version-history":[{"count":3,"href":"https:\/\/spd-kettwig.de\/index.php?rest_route=\/wp\/v2\/posts\/576\/revisions"}],"predecessor-version":[{"id":580,"href":"https:\/\/spd-kettwig.de\/index.php?rest_route=\/wp\/v2\/posts\/576\/revisions\/580"}],"wp:featuredmedia":[{"embeddable":true,"href":"https:\/\/spd-kettwig.de\/index.php?rest_route=\/wp\/v2\/media\/577"}],"wp:attachment":[{"href":"https:\/\/spd-kettwig.de\/index.php?rest_route=%2Fwp%2Fv2%2Fmedia&parent=576"}],"wp:term":[{"taxonomy":"category","embeddable":true,"href":"https:\/\/spd-kettwig.de\/index.php?rest_route=%2Fwp%2Fv2%2Fcategories&post=576"},{"taxonomy":"post_tag","embeddable":true,"href":"https:\/\/spd-kettwig.de\/index.php?rest_route=%2Fwp%2Fv2%2Ftags&post=576"}],"curies":[{"name":"wp","href":"https:\/\/api.w.org\/{rel}","templated":true}]}}