{"id":497,"date":"2020-08-11T08:38:20","date_gmt":"2020-08-11T06:38:20","guid":{"rendered":"http:\/\/spd-kettwig.de\/?p=497"},"modified":"2020-08-11T08:38:20","modified_gmt":"2020-08-11T06:38:20","slug":"video-daniel-behmenburg-stellt-sich-vor","status":"publish","type":"post","link":"https:\/\/spd-kettwig.de\/?p=497","title":{"rendered":"Video: Daniel Behmenburg stellt sich vor"},"content":{"rendered":"\n<p>Lernen Sie unseren Kandidaten f\u00fcr die Kommunalwahl 2020 besser kennen &#8211; was ihn antreibt, was er anpackt, was ihm so wirklich wichtig ist, wof\u00fcr er einsteht und was ihm Spa\u00df macht!<\/p>\n\n\n\n<p> <iframe loading=\"lazy\" title=\"Daniel Behmenburg. Ihre Stimme f\u00fcr Kettwig.\" width=\"525\" height=\"295\" src=\"https:\/\/www.youtube.com\/embed\/hRdjdbvbAZk?feature=oembed\" frameborder=\"0\" allow=\"accelerometer; autoplay; encrypted-media; gyroscope; picture-in-picture\" allowfullscreen><\/iframe><\/p>\n\n\n\n<p><\/p>\n","protected":false},"excerpt":{"rendered":"<p>Lernen Sie unseren Kandidaten f\u00fcr die Kommunalwahl 2020 besser kennen &#8211; was ihn antreibt, was er anpackt, was ihm so wirklich wichtig ist, wof\u00fcr er einsteht und was ihm Spa\u00df macht!<\/p>\n","protected":false},"author":6,"featured_media":0,"comment_status":"open","ping_status":"open","sticky":false,"template":"","format":"standard","meta":[],"categories":[62],"tags":[113,22,175,174,172,173],"_links":{"self":[{"href":"https:\/\/spd-kettwig.de\/index.php?rest_route=\/wp\/v2\/posts\/497"}],"collection":[{"href":"https:\/\/spd-kettwig.de\/index.php?rest_route=\/wp\/v2\/posts"}],"about":[{"href":"https:\/\/spd-kettwig.de\/index.php?rest_route=\/wp\/v2\/types\/post"}],"author":[{"embeddable":true,"href":"https:\/\/spd-kettwig.de\/index.php?rest_route=\/wp\/v2\/users\/6"}],"replies":[{"embeddable":true,"href":"https:\/\/spd-kettwig.de\/index.php?rest_route=%2Fwp%2Fv2%2Fcomments&post=497"}],"version-history":[{"count":4,"href":"https:\/\/spd-kettwig.de\/index.php?rest_route=\/wp\/v2\/posts\/497\/revisions"}],"predecessor-version":[{"id":501,"href":"https:\/\/spd-kettwig.de\/index.php?rest_route=\/wp\/v2\/posts\/497\/revisions\/501"}],"wp:attachment":[{"href":"https:\/\/spd-kettwig.de\/index.php?rest_route=%2Fwp%2Fv2%2Fmedia&parent=497"}],"wp:term":[{"taxonomy":"category","embeddable":true,"href":"https:\/\/spd-kettwig.de\/index.php?rest_route=%2Fwp%2Fv2%2Fcategories&post=497"},{"taxonomy":"post_tag","embeddable":true,"href":"https:\/\/spd-kettwig.de\/index.php?rest_route=%2Fwp%2Fv2%2Ftags&post=497"}],"curies":[{"name":"wp","href":"https:\/\/api.w.org\/{rel}","templated":true}]}}