{"id":469,"date":"2020-07-27T17:50:19","date_gmt":"2020-07-27T15:50:19","guid":{"rendered":"http:\/\/spd-kettwig.de\/?p=469"},"modified":"2020-07-27T17:04:01","modified_gmt":"2020-07-27T15:04:01","slug":"unsere-kandidatinnen-und-kandidaten-kurz-vorgestellt-2","status":"publish","type":"post","link":"https:\/\/spd-kettwig.de\/?p=469","title":{"rendered":"Unsere Kandidatinnen und Kandidaten kurz vorgestellt"},"content":{"rendered":"\n<p><strong>Susanne Gilbert, Kandidatin f\u00fcr den Wahlkreis 28 f\u00fcr den Rat der Stadt Essen und f\u00fcr die Bezirksvertretung IX<\/strong><\/p>\n\n\n\n<figure class=\"wp-block-image size-large\"><img decoding=\"async\" loading=\"lazy\" width=\"1024\" height=\"684\" src=\"http:\/\/spd-kettwig.de\/wp-content\/uploads\/2020\/07\/Susanne-Gilbert-2-1024x684.jpg\" alt=\"\" class=\"wp-image-474\" srcset=\"https:\/\/spd-kettwig.de\/wp-content\/uploads\/2020\/07\/Susanne-Gilbert-2-1024x684.jpg 1024w, https:\/\/spd-kettwig.de\/wp-content\/uploads\/2020\/07\/Susanne-Gilbert-2-300x200.jpg 300w, https:\/\/spd-kettwig.de\/wp-content\/uploads\/2020\/07\/Susanne-Gilbert-2-768x513.jpg 768w, https:\/\/spd-kettwig.de\/wp-content\/uploads\/2020\/07\/Susanne-Gilbert-2-1536x1026.jpg 1536w, https:\/\/spd-kettwig.de\/wp-content\/uploads\/2020\/07\/Susanne-Gilbert-2-2048x1367.jpg 2048w\" sizes=\"(max-width: 767px) 89vw, (max-width: 1000px) 54vw, (max-width: 1071px) 543px, 580px\" \/><\/figure>\n\n\n\n<p><strong>Mein Motto ist:<\/strong><\/p>\n\n\n\n<p>In einem respektvollem Umgang miteinander gemeinsam einen guten Weg beschreiten.<\/p>\n\n\n\n<p><strong>Ich bin geboren am:<\/strong>  21. September 1965<\/p>\n\n\n\n<p><strong>Mein Beruf:<\/strong>  Tanzp\u00e4dagogin und Pilatestrainerin<\/p>\n\n\n\n<p><strong>Ich wohne<\/strong>:  mit derzeit drei Generationen unter einem Dach in meinem Elternhaus in Kettwig.<\/p>\n\n\n\n<p><strong>Was mich interessiert:<\/strong>  <\/p>\n\n\n\n<p>F\u00fcr das Wohlbefinden meiner Mitmenschen Sorge tragen. Sowohl in meinem Beruf als auch in meiner Freizeit, k\u00f6rperlich und im gesamten Lebensumfeld.<\/p>\n\n\n\n<p><strong>Ich bin au\u00dferdem aktiv als:<\/strong><\/p>\n\n\n\n<p>Mitbegr\u00fcnderin und Akteurin des Nachbarschaftskreis B\u00f6gelsknappen, Mitglied im Heimat- und VerkeHrsverein (HVV) und im UNESCO-Club Kettwig e.V.<\/p>\n","protected":false},"excerpt":{"rendered":"<p>Susanne Gilbert, Kandidatin f\u00fcr den Wahlkreis 28 f\u00fcr den Rat der Stadt Essen und f\u00fcr die Bezirksvertretung IX Mein Motto ist: In einem respektvollem Umgang miteinander gemeinsam einen guten Weg beschreiten. Ich bin geboren am: 21. September 1965 Mein Beruf: Tanzp\u00e4dagogin und Pilatestrainerin Ich wohne: mit derzeit drei Generationen unter einem Dach in meinem Elternhaus &hellip; <\/p>\n<p class=\"link-more\"><a href=\"https:\/\/spd-kettwig.de\/?p=469\" class=\"more-link\"><span class=\"screen-reader-text\">\u201eUnsere Kandidatinnen und Kandidaten kurz vorgestellt\u201c<\/span> weiterlesen<\/a><\/p>\n","protected":false},"author":6,"featured_media":0,"comment_status":"open","ping_status":"open","sticky":false,"template":"","format":"standard","meta":[],"categories":[62],"tags":[72,114,110,66,109,22,69,153,71,65,37],"_links":{"self":[{"href":"https:\/\/spd-kettwig.de\/index.php?rest_route=\/wp\/v2\/posts\/469"}],"collection":[{"href":"https:\/\/spd-kettwig.de\/index.php?rest_route=\/wp\/v2\/posts"}],"about":[{"href":"https:\/\/spd-kettwig.de\/index.php?rest_route=\/wp\/v2\/types\/post"}],"author":[{"embeddable":true,"href":"https:\/\/spd-kettwig.de\/index.php?rest_route=\/wp\/v2\/users\/6"}],"replies":[{"embeddable":true,"href":"https:\/\/spd-kettwig.de\/index.php?rest_route=%2Fwp%2Fv2%2Fcomments&post=469"}],"version-history":[{"count":5,"href":"https:\/\/spd-kettwig.de\/index.php?rest_route=\/wp\/v2\/posts\/469\/revisions"}],"predecessor-version":[{"id":475,"href":"https:\/\/spd-kettwig.de\/index.php?rest_route=\/wp\/v2\/posts\/469\/revisions\/475"}],"wp:attachment":[{"href":"https:\/\/spd-kettwig.de\/index.php?rest_route=%2Fwp%2Fv2%2Fmedia&parent=469"}],"wp:term":[{"taxonomy":"category","embeddable":true,"href":"https:\/\/spd-kettwig.de\/index.php?rest_route=%2Fwp%2Fv2%2Fcategories&post=469"},{"taxonomy":"post_tag","embeddable":true,"href":"https:\/\/spd-kettwig.de\/index.php?rest_route=%2Fwp%2Fv2%2Ftags&post=469"}],"curies":[{"name":"wp","href":"https:\/\/api.w.org\/{rel}","templated":true}]}}