{"id":454,"date":"2020-08-21T18:00:00","date_gmt":"2020-08-21T16:00:00","guid":{"rendered":"http:\/\/spd-kettwig.de\/?p=454"},"modified":"2020-07-24T20:27:25","modified_gmt":"2020-07-24T18:27:25","slug":"themenwoche-fuer-ein-lebendiges-stadtteilleben","status":"publish","type":"post","link":"https:\/\/spd-kettwig.de\/?p=454","title":{"rendered":"Themenwoche: F\u00fcr ein lebendiges Stadtteilleben"},"content":{"rendered":"\n<p>Wir m\u00f6chten mit Ihnen ins Gespr\u00e4ch kommen: Wie stellen Sie sich das Wohnen und k\u00fcnftige Wohnbebauung in Kettwig und den angrenzenden Stadtteilen Werden, Heidhausen und Schuir vor? Schreiben Sie uns, sprechen Sie uns an, beschreiben Sie uns Ihre W\u00fcnsche und agen Sie uns, wo der Schuh dr\u00fcckt!<\/p>\n\n\n\n<p><strong>Das sagen unsere Kandidatin und unser Kandidat zum Thema:<\/strong><\/p>\n\n\n\n<p>Daniel Behmenburg, Wahlkreis 42 &#8211; Kettwig-Mitte, auf der H\u00f6he, Altstadt, Ickten:<\/p>\n\n\n\n<div class=\"is-layout-flex wp-container-3 wp-block-columns\">\n<div class=\"is-layout-flow wp-block-column\">\n<figure class=\"wp-block-image size-large\"><img decoding=\"async\" loading=\"lazy\" width=\"1024\" height=\"726\" src=\"http:\/\/spd-kettwig.de\/wp-content\/uploads\/2020\/07\/Postkarte-A6-Woche-4-Stadtteilleben-Daniel-1024x726.jpg\" alt=\"\" class=\"wp-image-424\" srcset=\"https:\/\/spd-kettwig.de\/wp-content\/uploads\/2020\/07\/Postkarte-A6-Woche-4-Stadtteilleben-Daniel-1024x726.jpg 1024w, https:\/\/spd-kettwig.de\/wp-content\/uploads\/2020\/07\/Postkarte-A6-Woche-4-Stadtteilleben-Daniel-300x213.jpg 300w, https:\/\/spd-kettwig.de\/wp-content\/uploads\/2020\/07\/Postkarte-A6-Woche-4-Stadtteilleben-Daniel-768x545.jpg 768w, https:\/\/spd-kettwig.de\/wp-content\/uploads\/2020\/07\/Postkarte-A6-Woche-4-Stadtteilleben-Daniel-1536x1090.jpg 1536w, https:\/\/spd-kettwig.de\/wp-content\/uploads\/2020\/07\/Postkarte-A6-Woche-4-Stadtteilleben-Daniel.jpg 1748w\" sizes=\"(max-width: 767px) 89vw, (max-width: 1000px) 54vw, (max-width: 1071px) 543px, 580px\" \/><\/figure>\n<\/div>\n\n\n\n<div class=\"is-layout-flow wp-block-column\">\n<figure class=\"wp-block-image size-large\"><a href=\"http:\/\/spd-kettwig.de\/wp-content\/uploads\/2020\/07\/Postkarte-A6-Woche-4-Stadtteilleben-Daniel2.jpg\" target=\"_blank\" rel=\"noopener noreferrer\"><img decoding=\"async\" loading=\"lazy\" width=\"1024\" height=\"726\" src=\"http:\/\/spd-kettwig.de\/wp-content\/uploads\/2020\/07\/Postkarte-A6-Woche-4-Stadtteilleben-Daniel2-1024x726.jpg\" alt=\"\" class=\"wp-image-425\" srcset=\"https:\/\/spd-kettwig.de\/wp-content\/uploads\/2020\/07\/Postkarte-A6-Woche-4-Stadtteilleben-Daniel2-1024x726.jpg 1024w, https:\/\/spd-kettwig.de\/wp-content\/uploads\/2020\/07\/Postkarte-A6-Woche-4-Stadtteilleben-Daniel2-300x213.jpg 300w, https:\/\/spd-kettwig.de\/wp-content\/uploads\/2020\/07\/Postkarte-A6-Woche-4-Stadtteilleben-Daniel2-768x545.jpg 768w, https:\/\/spd-kettwig.de\/wp-content\/uploads\/2020\/07\/Postkarte-A6-Woche-4-Stadtteilleben-Daniel2-1536x1090.jpg 1536w, https:\/\/spd-kettwig.de\/wp-content\/uploads\/2020\/07\/Postkarte-A6-Woche-4-Stadtteilleben-Daniel2.jpg 1748w\" sizes=\"(max-width: 767px) 89vw, (max-width: 1000px) 54vw, (max-width: 1071px) 543px, 580px\" \/><\/a><\/figure>\n<\/div>\n<\/div>\n\n\n\n<p>Susanne Gilbert: Wahlkreis 28 &#8211; Kettwig Ost, vor der Br\u00fccke, Werden, Heidhausen, Schuir<\/p>\n\n\n\n<div class=\"is-layout-flex wp-container-6 wp-block-columns\">\n<div class=\"is-layout-flow wp-block-column\"><\/div>\n\n\n\n<div class=\"is-layout-flow wp-block-column\">\n<figure class=\"wp-block-image size-large\"><a href=\"http:\/\/spd-kettwig.de\/wp-content\/uploads\/2020\/07\/Postkarte-A6-Woche-4-Stadtteilleben-Susanne2.jpg\" target=\"_blank\" rel=\"noopener noreferrer\"><img decoding=\"async\" loading=\"lazy\" width=\"1024\" height=\"726\" src=\"http:\/\/spd-kettwig.de\/wp-content\/uploads\/2020\/07\/Postkarte-A6-Woche-4-Stadtteilleben-Susanne2-1024x726.jpg\" alt=\"\" class=\"wp-image-404\" srcset=\"https:\/\/spd-kettwig.de\/wp-content\/uploads\/2020\/07\/Postkarte-A6-Woche-4-Stadtteilleben-Susanne2-1024x726.jpg 1024w, https:\/\/spd-kettwig.de\/wp-content\/uploads\/2020\/07\/Postkarte-A6-Woche-4-Stadtteilleben-Susanne2-300x213.jpg 300w, https:\/\/spd-kettwig.de\/wp-content\/uploads\/2020\/07\/Postkarte-A6-Woche-4-Stadtteilleben-Susanne2-768x545.jpg 768w, https:\/\/spd-kettwig.de\/wp-content\/uploads\/2020\/07\/Postkarte-A6-Woche-4-Stadtteilleben-Susanne2-1536x1090.jpg 1536w, https:\/\/spd-kettwig.de\/wp-content\/uploads\/2020\/07\/Postkarte-A6-Woche-4-Stadtteilleben-Susanne2.jpg 1748w\" sizes=\"(max-width: 767px) 89vw, (max-width: 1000px) 54vw, (max-width: 1071px) 543px, 580px\" \/><\/a><\/figure>\n<\/div>\n<\/div>\n","protected":false},"excerpt":{"rendered":"<p>Wir m\u00f6chten mit Ihnen ins Gespr\u00e4ch kommen: Wie stellen Sie sich das Wohnen und k\u00fcnftige Wohnbebauung in Kettwig und den angrenzenden Stadtteilen Werden, Heidhausen und Schuir vor? Schreiben Sie uns, sprechen Sie uns an, beschreiben Sie uns Ihre W\u00fcnsche und agen Sie uns, wo der Schuh dr\u00fcckt! Das sagen unsere Kandidatin und unser Kandidat zum &hellip; <\/p>\n<p class=\"link-more\"><a href=\"https:\/\/spd-kettwig.de\/?p=454\" class=\"more-link\"><span class=\"screen-reader-text\">\u201eThemenwoche: F\u00fcr ein lebendiges Stadtteilleben\u201c<\/span> weiterlesen<\/a><\/p>\n","protected":false},"author":6,"featured_media":0,"comment_status":"open","ping_status":"open","sticky":false,"template":"","format":"standard","meta":[],"categories":[62],"tags":[150,151,149,33,136,152,69,135,77,148,97,60],"_links":{"self":[{"href":"https:\/\/spd-kettwig.de\/index.php?rest_route=\/wp\/v2\/posts\/454"}],"collection":[{"href":"https:\/\/spd-kettwig.de\/index.php?rest_route=\/wp\/v2\/posts"}],"about":[{"href":"https:\/\/spd-kettwig.de\/index.php?rest_route=\/wp\/v2\/types\/post"}],"author":[{"embeddable":true,"href":"https:\/\/spd-kettwig.de\/index.php?rest_route=\/wp\/v2\/users\/6"}],"replies":[{"embeddable":true,"href":"https:\/\/spd-kettwig.de\/index.php?rest_route=%2Fwp%2Fv2%2Fcomments&post=454"}],"version-history":[{"count":4,"href":"https:\/\/spd-kettwig.de\/index.php?rest_route=\/wp\/v2\/posts\/454\/revisions"}],"predecessor-version":[{"id":461,"href":"https:\/\/spd-kettwig.de\/index.php?rest_route=\/wp\/v2\/posts\/454\/revisions\/461"}],"wp:attachment":[{"href":"https:\/\/spd-kettwig.de\/index.php?rest_route=%2Fwp%2Fv2%2Fmedia&parent=454"}],"wp:term":[{"taxonomy":"category","embeddable":true,"href":"https:\/\/spd-kettwig.de\/index.php?rest_route=%2Fwp%2Fv2%2Fcategories&post=454"},{"taxonomy":"post_tag","embeddable":true,"href":"https:\/\/spd-kettwig.de\/index.php?rest_route=%2Fwp%2Fv2%2Ftags&post=454"}],"curies":[{"name":"wp","href":"https:\/\/api.w.org\/{rel}","templated":true}]}}