{"id":448,"date":"2020-08-14T18:00:00","date_gmt":"2020-08-14T16:00:00","guid":{"rendered":"http:\/\/spd-kettwig.de\/?p=448"},"modified":"2020-07-24T20:22:40","modified_gmt":"2020-07-24T18:22:40","slug":"themenwoche-ein-dorf-fuer-familien","status":"publish","type":"post","link":"https:\/\/spd-kettwig.de\/?p=448","title":{"rendered":"Themenwoche: Ein Dorf f\u00fcr Familien"},"content":{"rendered":"\n<p>Wir m\u00f6chten mit Ihnen ins Gespr\u00e4ch kommen: Wie stellen Sie sich das Leben f\u00fcr sich und Ihre Familienangeh\u00f6rigen und auch allgemein f\u00fcr Ihre Generation  in Kettwig und den angrenzenden Stadtteilen Werden, Heidhausen und Schuir vor? Schreiben Sie uns, sprechen Sie uns an, beschreiben Sie uns Ihre W\u00fcnsche und sagen Sie uns, wo der Schuh dr\u00fcckt!<\/p>\n\n\n\n<p><strong>Das sagen unsere Kandidatin und unser Kandidat zum Thema:<\/strong><\/p>\n\n\n\n<p>Daniel Behmenburg, Wahlkreis 42 &#8211; Kettwig-Mitte, auf der H\u00f6he, Altstadt, Ickten:<\/p>\n\n\n\n<div class=\"is-layout-flex wp-container-3 wp-block-columns\">\n<div class=\"is-layout-flow wp-block-column\">\n<figure class=\"wp-block-image size-large\"><img decoding=\"async\" loading=\"lazy\" width=\"1024\" height=\"726\" src=\"http:\/\/spd-kettwig.de\/wp-content\/uploads\/2020\/07\/Postkarte-A6-Woche-3-Familie-Daniel-1024x726.jpg\" alt=\"\" class=\"wp-image-422\" srcset=\"https:\/\/spd-kettwig.de\/wp-content\/uploads\/2020\/07\/Postkarte-A6-Woche-3-Familie-Daniel-1024x726.jpg 1024w, https:\/\/spd-kettwig.de\/wp-content\/uploads\/2020\/07\/Postkarte-A6-Woche-3-Familie-Daniel-300x213.jpg 300w, https:\/\/spd-kettwig.de\/wp-content\/uploads\/2020\/07\/Postkarte-A6-Woche-3-Familie-Daniel-768x545.jpg 768w, https:\/\/spd-kettwig.de\/wp-content\/uploads\/2020\/07\/Postkarte-A6-Woche-3-Familie-Daniel-1536x1090.jpg 1536w, https:\/\/spd-kettwig.de\/wp-content\/uploads\/2020\/07\/Postkarte-A6-Woche-3-Familie-Daniel.jpg 1748w\" sizes=\"(max-width: 767px) 89vw, (max-width: 1000px) 54vw, (max-width: 1071px) 543px, 580px\" \/><\/figure>\n<\/div>\n\n\n\n<div class=\"is-layout-flow wp-block-column\">\n<figure class=\"wp-block-image size-large\"><a href=\"http:\/\/spd-kettwig.de\/wp-content\/uploads\/2020\/07\/Postkarte-A6-Woche-3-Familie-Daniel2.jpg\" target=\"_blank\" rel=\"noopener noreferrer\"><img decoding=\"async\" loading=\"lazy\" width=\"1024\" height=\"726\" src=\"http:\/\/spd-kettwig.de\/wp-content\/uploads\/2020\/07\/Postkarte-A6-Woche-3-Familie-Daniel2-1024x726.jpg\" alt=\"\" class=\"wp-image-423\" srcset=\"https:\/\/spd-kettwig.de\/wp-content\/uploads\/2020\/07\/Postkarte-A6-Woche-3-Familie-Daniel2-1024x726.jpg 1024w, https:\/\/spd-kettwig.de\/wp-content\/uploads\/2020\/07\/Postkarte-A6-Woche-3-Familie-Daniel2-300x213.jpg 300w, https:\/\/spd-kettwig.de\/wp-content\/uploads\/2020\/07\/Postkarte-A6-Woche-3-Familie-Daniel2-768x545.jpg 768w, https:\/\/spd-kettwig.de\/wp-content\/uploads\/2020\/07\/Postkarte-A6-Woche-3-Familie-Daniel2-1536x1090.jpg 1536w, https:\/\/spd-kettwig.de\/wp-content\/uploads\/2020\/07\/Postkarte-A6-Woche-3-Familie-Daniel2.jpg 1748w\" sizes=\"(max-width: 767px) 89vw, (max-width: 1000px) 54vw, (max-width: 1071px) 543px, 580px\" \/><\/a><\/figure>\n<\/div>\n<\/div>\n\n\n\n<p>Susanne Gilbert: Wahlkreis 28 &#8211; Kettwig Ost, vor der Br\u00fccke, Werden, Heidhausen, Schuir<\/p>\n\n\n\n<div class=\"is-layout-flex wp-container-6 wp-block-columns\">\n<div class=\"is-layout-flow wp-block-column\">\n<figure class=\"wp-block-image size-large\"><img decoding=\"async\" loading=\"lazy\" width=\"1024\" height=\"726\" src=\"http:\/\/spd-kettwig.de\/wp-content\/uploads\/2020\/07\/Postkarte-A6-Woche-3-Familie-Susanne-1-1024x726.jpg\" alt=\"\" class=\"wp-image-398\" srcset=\"https:\/\/spd-kettwig.de\/wp-content\/uploads\/2020\/07\/Postkarte-A6-Woche-3-Familie-Susanne-1-1024x726.jpg 1024w, https:\/\/spd-kettwig.de\/wp-content\/uploads\/2020\/07\/Postkarte-A6-Woche-3-Familie-Susanne-1-300x213.jpg 300w, https:\/\/spd-kettwig.de\/wp-content\/uploads\/2020\/07\/Postkarte-A6-Woche-3-Familie-Susanne-1-768x545.jpg 768w, https:\/\/spd-kettwig.de\/wp-content\/uploads\/2020\/07\/Postkarte-A6-Woche-3-Familie-Susanne-1-1536x1090.jpg 1536w, https:\/\/spd-kettwig.de\/wp-content\/uploads\/2020\/07\/Postkarte-A6-Woche-3-Familie-Susanne-1.jpg 1748w\" sizes=\"(max-width: 767px) 89vw, (max-width: 1000px) 54vw, (max-width: 1071px) 543px, 580px\" \/><\/figure>\n<\/div>\n\n\n\n<div class=\"is-layout-flow wp-block-column\">\n<figure class=\"wp-block-image size-large\"><a href=\"http:\/\/spd-kettwig.de\/wp-content\/uploads\/2020\/07\/Postkarte-A6-Woche-3-Familie-Susanne2.jpg\" target=\"_blank\" rel=\"noopener noreferrer\"><img decoding=\"async\" loading=\"lazy\" width=\"1024\" height=\"726\" src=\"http:\/\/spd-kettwig.de\/wp-content\/uploads\/2020\/07\/Postkarte-A6-Woche-3-Familie-Susanne2-1024x726.jpg\" alt=\"\" class=\"wp-image-403\" srcset=\"https:\/\/spd-kettwig.de\/wp-content\/uploads\/2020\/07\/Postkarte-A6-Woche-3-Familie-Susanne2-1024x726.jpg 1024w, https:\/\/spd-kettwig.de\/wp-content\/uploads\/2020\/07\/Postkarte-A6-Woche-3-Familie-Susanne2-300x213.jpg 300w, https:\/\/spd-kettwig.de\/wp-content\/uploads\/2020\/07\/Postkarte-A6-Woche-3-Familie-Susanne2-768x545.jpg 768w, https:\/\/spd-kettwig.de\/wp-content\/uploads\/2020\/07\/Postkarte-A6-Woche-3-Familie-Susanne2-1536x1090.jpg 1536w, https:\/\/spd-kettwig.de\/wp-content\/uploads\/2020\/07\/Postkarte-A6-Woche-3-Familie-Susanne2.jpg 1748w\" sizes=\"(max-width: 767px) 89vw, (max-width: 1000px) 54vw, (max-width: 1071px) 543px, 580px\" \/><\/a><\/figure>\n<\/div>\n<\/div>\n","protected":false},"excerpt":{"rendered":"<p>Wir m\u00f6chten mit Ihnen ins Gespr\u00e4ch kommen: Wie stellen Sie sich das Leben f\u00fcr sich und Ihre Familienangeh\u00f6rigen und auch allgemein f\u00fcr Ihre Generation in Kettwig und den angrenzenden Stadtteilen Werden, Heidhausen und Schuir vor? Schreiben Sie uns, sprechen Sie uns an, beschreiben Sie uns Ihre W\u00fcnsche und sagen Sie uns, wo der Schuh dr\u00fcckt! &hellip; <\/p>\n<p class=\"link-more\"><a href=\"https:\/\/spd-kettwig.de\/?p=448\" class=\"more-link\"><span class=\"screen-reader-text\">\u201eThemenwoche: Ein Dorf f\u00fcr Familien\u201c<\/span> weiterlesen<\/a><\/p>\n","protected":false},"author":6,"featured_media":0,"comment_status":"open","ping_status":"open","sticky":false,"template":"","format":"standard","meta":[],"categories":[62],"tags":[147,141,142,33,136,146,144,69,77,145,143],"_links":{"self":[{"href":"https:\/\/spd-kettwig.de\/index.php?rest_route=\/wp\/v2\/posts\/448"}],"collection":[{"href":"https:\/\/spd-kettwig.de\/index.php?rest_route=\/wp\/v2\/posts"}],"about":[{"href":"https:\/\/spd-kettwig.de\/index.php?rest_route=\/wp\/v2\/types\/post"}],"author":[{"embeddable":true,"href":"https:\/\/spd-kettwig.de\/index.php?rest_route=\/wp\/v2\/users\/6"}],"replies":[{"embeddable":true,"href":"https:\/\/spd-kettwig.de\/index.php?rest_route=%2Fwp%2Fv2%2Fcomments&post=448"}],"version-history":[{"count":4,"href":"https:\/\/spd-kettwig.de\/index.php?rest_route=\/wp\/v2\/posts\/448\/revisions"}],"predecessor-version":[{"id":459,"href":"https:\/\/spd-kettwig.de\/index.php?rest_route=\/wp\/v2\/posts\/448\/revisions\/459"}],"wp:attachment":[{"href":"https:\/\/spd-kettwig.de\/index.php?rest_route=%2Fwp%2Fv2%2Fmedia&parent=448"}],"wp:term":[{"taxonomy":"category","embeddable":true,"href":"https:\/\/spd-kettwig.de\/index.php?rest_route=%2Fwp%2Fv2%2Fcategories&post=448"},{"taxonomy":"post_tag","embeddable":true,"href":"https:\/\/spd-kettwig.de\/index.php?rest_route=%2Fwp%2Fv2%2Ftags&post=448"}],"curies":[{"name":"wp","href":"https:\/\/api.w.org\/{rel}","templated":true}]}}