{"id":445,"date":"2020-08-07T18:00:00","date_gmt":"2020-08-07T16:00:00","guid":{"rendered":"http:\/\/spd-kettwig.de\/?p=445"},"modified":"2020-07-24T20:19:16","modified_gmt":"2020-07-24T18:19:16","slug":"themenwoche-verkehrsideen-fuer-ein-neues-jahrzehnt","status":"publish","type":"post","link":"https:\/\/spd-kettwig.de\/?p=445","title":{"rendered":"Themenwoche: Verkehrsideen f\u00fcr ein neues Jahrzehnt"},"content":{"rendered":"\n<p>Wir m\u00f6chten mit Ihnen ins Gespr\u00e4ch kommen: Wie stellen Sie sich Ihre M\u00f6glichkeiten, mobil zu sein, und Ihre Teilnahme am Verkehr in und um Kettwig und den angrenzenden Stadtteilen Werden, Heidhausen und Schuir vor? Schreiben Sie uns, sprechen Sie uns an, beschreiben Sie uns Ihre W\u00fcnsche und sagen Sie uns, wo der Schuh dr\u00fcckt!<\/p>\n\n\n\n<p><strong>Das sagen unsere Kandidatin und unser Kandidat zum Thema:<\/strong><\/p>\n\n\n\n<p>Daniel Behmenburg, Wahlkreis 42 &#8211; Kettwig-Mitte, auf der H\u00f6he, Altstadt, Ickten:<\/p>\n\n\n\n<div class=\"is-layout-flex wp-container-3 wp-block-columns\">\n<div class=\"is-layout-flow wp-block-column\">\n<figure class=\"wp-block-image size-large\"><img decoding=\"async\" loading=\"lazy\" width=\"1024\" height=\"726\" src=\"http:\/\/spd-kettwig.de\/wp-content\/uploads\/2020\/07\/Postkarte-A6-Woche-2-Verkehr-Daniel-1024x726.jpg\" alt=\"\" class=\"wp-image-420\" srcset=\"https:\/\/spd-kettwig.de\/wp-content\/uploads\/2020\/07\/Postkarte-A6-Woche-2-Verkehr-Daniel-1024x726.jpg 1024w, https:\/\/spd-kettwig.de\/wp-content\/uploads\/2020\/07\/Postkarte-A6-Woche-2-Verkehr-Daniel-300x213.jpg 300w, https:\/\/spd-kettwig.de\/wp-content\/uploads\/2020\/07\/Postkarte-A6-Woche-2-Verkehr-Daniel-768x545.jpg 768w, https:\/\/spd-kettwig.de\/wp-content\/uploads\/2020\/07\/Postkarte-A6-Woche-2-Verkehr-Daniel-1536x1090.jpg 1536w, https:\/\/spd-kettwig.de\/wp-content\/uploads\/2020\/07\/Postkarte-A6-Woche-2-Verkehr-Daniel.jpg 1748w\" sizes=\"(max-width: 767px) 89vw, (max-width: 1000px) 54vw, (max-width: 1071px) 543px, 580px\" \/><\/figure>\n<\/div>\n\n\n\n<div class=\"is-layout-flow wp-block-column\">\n<figure class=\"wp-block-image size-large\"><a href=\"http:\/\/spd-kettwig.de\/wp-content\/uploads\/2020\/07\/Postkarte-A6-Woche-2-Verkehr-Daniel2.jpg\" target=\"_blank\" rel=\"noopener noreferrer\"><img decoding=\"async\" loading=\"lazy\" width=\"1024\" height=\"726\" src=\"http:\/\/spd-kettwig.de\/wp-content\/uploads\/2020\/07\/Postkarte-A6-Woche-2-Verkehr-Daniel2-1024x726.jpg\" alt=\"\" class=\"wp-image-421\" srcset=\"https:\/\/spd-kettwig.de\/wp-content\/uploads\/2020\/07\/Postkarte-A6-Woche-2-Verkehr-Daniel2-1024x726.jpg 1024w, https:\/\/spd-kettwig.de\/wp-content\/uploads\/2020\/07\/Postkarte-A6-Woche-2-Verkehr-Daniel2-300x213.jpg 300w, https:\/\/spd-kettwig.de\/wp-content\/uploads\/2020\/07\/Postkarte-A6-Woche-2-Verkehr-Daniel2-768x545.jpg 768w, https:\/\/spd-kettwig.de\/wp-content\/uploads\/2020\/07\/Postkarte-A6-Woche-2-Verkehr-Daniel2-1536x1090.jpg 1536w, https:\/\/spd-kettwig.de\/wp-content\/uploads\/2020\/07\/Postkarte-A6-Woche-2-Verkehr-Daniel2.jpg 1748w\" sizes=\"(max-width: 767px) 89vw, (max-width: 1000px) 54vw, (max-width: 1071px) 543px, 580px\" \/><\/a><\/figure>\n<\/div>\n<\/div>\n\n\n\n<p>Susanne Gilbert: Wahlkreis 28 &#8211; Kettwig Ost, vor der Br\u00fccke, Werden, Heidhausen, Schuir<\/p>\n\n\n\n<div class=\"is-layout-flex wp-container-6 wp-block-columns\">\n<div class=\"is-layout-flow wp-block-column\">\n<figure class=\"wp-block-image size-large\"><img decoding=\"async\" loading=\"lazy\" width=\"1024\" height=\"726\" src=\"http:\/\/spd-kettwig.de\/wp-content\/uploads\/2020\/07\/Postkarte-A6-Woche-2-Verkehr-Susanne-1024x726.jpg\" alt=\"\" class=\"wp-image-400\" srcset=\"https:\/\/spd-kettwig.de\/wp-content\/uploads\/2020\/07\/Postkarte-A6-Woche-2-Verkehr-Susanne-1024x726.jpg 1024w, https:\/\/spd-kettwig.de\/wp-content\/uploads\/2020\/07\/Postkarte-A6-Woche-2-Verkehr-Susanne-300x213.jpg 300w, https:\/\/spd-kettwig.de\/wp-content\/uploads\/2020\/07\/Postkarte-A6-Woche-2-Verkehr-Susanne-768x545.jpg 768w, https:\/\/spd-kettwig.de\/wp-content\/uploads\/2020\/07\/Postkarte-A6-Woche-2-Verkehr-Susanne-1536x1090.jpg 1536w, https:\/\/spd-kettwig.de\/wp-content\/uploads\/2020\/07\/Postkarte-A6-Woche-2-Verkehr-Susanne.jpg 1748w\" sizes=\"(max-width: 767px) 89vw, (max-width: 1000px) 54vw, (max-width: 1071px) 543px, 580px\" \/><\/figure>\n<\/div>\n\n\n\n<div class=\"is-layout-flow wp-block-column\">\n<figure class=\"wp-block-image size-large\"><a href=\"http:\/\/spd-kettwig.de\/wp-content\/uploads\/2020\/07\/Postkarte-A6-Woche-2-Verkehr-Susanne2.jpg\" target=\"_blank\" rel=\"noopener noreferrer\"><img decoding=\"async\" loading=\"lazy\" width=\"1024\" height=\"726\" src=\"http:\/\/spd-kettwig.de\/wp-content\/uploads\/2020\/07\/Postkarte-A6-Woche-2-Verkehr-Susanne2-1024x726.jpg\" alt=\"\" class=\"wp-image-402\" srcset=\"https:\/\/spd-kettwig.de\/wp-content\/uploads\/2020\/07\/Postkarte-A6-Woche-2-Verkehr-Susanne2-1024x726.jpg 1024w, https:\/\/spd-kettwig.de\/wp-content\/uploads\/2020\/07\/Postkarte-A6-Woche-2-Verkehr-Susanne2-300x213.jpg 300w, https:\/\/spd-kettwig.de\/wp-content\/uploads\/2020\/07\/Postkarte-A6-Woche-2-Verkehr-Susanne2-768x545.jpg 768w, https:\/\/spd-kettwig.de\/wp-content\/uploads\/2020\/07\/Postkarte-A6-Woche-2-Verkehr-Susanne2-1536x1090.jpg 1536w, https:\/\/spd-kettwig.de\/wp-content\/uploads\/2020\/07\/Postkarte-A6-Woche-2-Verkehr-Susanne2.jpg 1748w\" sizes=\"(max-width: 767px) 89vw, (max-width: 1000px) 54vw, (max-width: 1071px) 543px, 580px\" \/><\/a><\/figure>\n<\/div>\n<\/div>\n","protected":false},"excerpt":{"rendered":"<p>Wir m\u00f6chten mit Ihnen ins Gespr\u00e4ch kommen: Wie stellen Sie sich Ihre M\u00f6glichkeiten, mobil zu sein, und Ihre Teilnahme am Verkehr in und um Kettwig und den angrenzenden Stadtteilen Werden, Heidhausen und Schuir vor? Schreiben Sie uns, sprechen Sie uns an, beschreiben Sie uns Ihre W\u00fcnsche und sagen Sie uns, wo der Schuh dr\u00fcckt! Das &hellip; <\/p>\n<p class=\"link-more\"><a href=\"https:\/\/spd-kettwig.de\/?p=445\" class=\"more-link\"><span class=\"screen-reader-text\">\u201eThemenwoche: Verkehrsideen f\u00fcr ein neues Jahrzehnt\u201c<\/span> weiterlesen<\/a><\/p>\n","protected":false},"author":6,"featured_media":0,"comment_status":"open","ping_status":"open","sticky":false,"template":"","format":"standard","meta":[],"categories":[62],"tags":[33,140,136,69,137,139,138,76],"_links":{"self":[{"href":"https:\/\/spd-kettwig.de\/index.php?rest_route=\/wp\/v2\/posts\/445"}],"collection":[{"href":"https:\/\/spd-kettwig.de\/index.php?rest_route=\/wp\/v2\/posts"}],"about":[{"href":"https:\/\/spd-kettwig.de\/index.php?rest_route=\/wp\/v2\/types\/post"}],"author":[{"embeddable":true,"href":"https:\/\/spd-kettwig.de\/index.php?rest_route=\/wp\/v2\/users\/6"}],"replies":[{"embeddable":true,"href":"https:\/\/spd-kettwig.de\/index.php?rest_route=%2Fwp%2Fv2%2Fcomments&post=445"}],"version-history":[{"count":5,"href":"https:\/\/spd-kettwig.de\/index.php?rest_route=\/wp\/v2\/posts\/445\/revisions"}],"predecessor-version":[{"id":458,"href":"https:\/\/spd-kettwig.de\/index.php?rest_route=\/wp\/v2\/posts\/445\/revisions\/458"}],"wp:attachment":[{"href":"https:\/\/spd-kettwig.de\/index.php?rest_route=%2Fwp%2Fv2%2Fmedia&parent=445"}],"wp:term":[{"taxonomy":"category","embeddable":true,"href":"https:\/\/spd-kettwig.de\/index.php?rest_route=%2Fwp%2Fv2%2Fcategories&post=445"},{"taxonomy":"post_tag","embeddable":true,"href":"https:\/\/spd-kettwig.de\/index.php?rest_route=%2Fwp%2Fv2%2Ftags&post=445"}],"curies":[{"name":"wp","href":"https:\/\/api.w.org\/{rel}","templated":true}]}}