{"id":351,"date":"2020-07-18T07:55:39","date_gmt":"2020-07-18T07:55:39","guid":{"rendered":"http:\/\/spd-kettwig.de\/?p=351"},"modified":"2020-07-18T07:57:21","modified_gmt":"2020-07-18T07:57:21","slug":"weniger-reden-mehr-machen-fuer-essen","status":"publish","type":"post","link":"https:\/\/spd-kettwig.de\/?p=351","title":{"rendered":"Weniger reden. Mehr machen. F\u00fcr Essen!"},"content":{"rendered":"\n<figure class=\"wp-block-embed-facebook wp-block-embed is-type-video is-provider-facebook\"><div class=\"wp-block-embed__wrapper\">\n<div id=\"fb-root\"><\/div><script async=\"1\" defer=\"1\" crossorigin=\"anonymous\" src=\"https:\/\/connect.facebook.net\/de_DE\/sdk.js#xfbml=1&amp;version=v7.0\" nonce=\"jLRptbOe\"><\/script><div class=\"fb-video\" data-href=\"https:\/\/www.facebook.com\/oliverkern2020\/videos\/284081739672273\/\" data-width=\"525\"><blockquote cite=\"https:\/\/www.facebook.com\/oliverkern2020\/videos\/284081739672273\/\" class=\"fb-xfbml-parse-ignore\"><a href=\"https:\/\/www.facebook.com\/oliverkern2020\/videos\/284081739672273\/\">Weniger reden. Mehr machen. F\u00fcr Essen!<\/a><p>Unsere Heimatstadt Essen ist eine gro\u00dfartige, bunte und vielf\u00e4ltige Stadt \u2013 voller Potenzial, Kreativit\u00e4t, Engagement und vor allem liebenswerter Menschen! Unser Essen steht aber auch vor gro\u00dfen Herausforderungen. Die sozialen Schieflagen haben zugenommen, Bildungs- und Zukunftschancen h\u00e4ngen trotz aller Anstrengungen noch immer von der Postleitzahl ab.Ich will, dass diese Herausforderungen nicht l\u00e4nger wegmoderiert, sondern endlich angepackt werden! Ich will, dass Essen besser, gerechter und lebenswerter f\u00fcr ALLE wird! Deshalb kandidiere ich als neuer Oberb\u00fcrgermeister f\u00fcr Essen. Weniger reden. Mehr machen. F\u00fcr unser Zuhause. F\u00fcr Essen! &lt;3 OK<\/p>Gepostet von <a href=\"https:\/\/www.facebook.com\/oliverkern2020\/\">Oliver Kern<\/a> am Freitag, 17. Juli 2020<\/blockquote><\/div>\n<\/div><\/figure>\n\n\n\n<p><strong>Oliver Kern<\/strong><\/p>\n\n\n\n<p>Unsere Heimatstadt Essen ist eine gro\u00dfartige, bunte und vielf\u00e4ltige Stadt \u2013 voller Potenzial, Kreativit\u00e4t, Engagement und vor allem liebenswerter Menschen!<br>Unser Essen steht aber auch vor gro\u00dfen Herausforderungen.<br>Die sozialen Schieflagen haben zugenommen, Bildungs- und Zukunftschancen h\u00e4ngen trotz aller Anstrengungen noch immer von der Postleitzahl ab.<br>Ich will, dass diese Herausforderungen nicht l\u00e4nger wegmoderiert, sondern endlich angepackt werden! Ich will, dass Essen besser, gerechter und lebenswerter f\u00fcr ALLE wird! Deshalb kandidiere ich als neuer Oberb\u00fcrgermeister f\u00fcr Essen. Weniger reden. Mehr machen. F\u00fcr unser Zuhause. F\u00fcr Essen! <img decoding=\"async\" loading=\"lazy\" src=\"https:\/\/static.xx.fbcdn.net\/images\/emoji.php\/v9\/t6c\/1\/16\/2764.png\" alt=\"\" width=\"16\" height=\"16\"> OK<\/p>\n","protected":false},"excerpt":{"rendered":"<p>Oliver Kern Unsere Heimatstadt Essen ist eine gro\u00dfartige, bunte und vielf\u00e4ltige Stadt \u2013 voller Potenzial, Kreativit\u00e4t, Engagement und vor allem liebenswerter Menschen!Unser Essen steht aber auch vor gro\u00dfen Herausforderungen.Die sozialen Schieflagen haben zugenommen, Bildungs- und Zukunftschancen h\u00e4ngen trotz aller Anstrengungen noch immer von der Postleitzahl ab.Ich will, dass diese Herausforderungen nicht l\u00e4nger wegmoderiert, sondern endlich &hellip; <\/p>\n<p class=\"link-more\"><a href=\"https:\/\/spd-kettwig.de\/?p=351\" class=\"more-link\"><span class=\"screen-reader-text\">\u201eWeniger reden. Mehr machen. F\u00fcr Essen!\u201c<\/span> weiterlesen<\/a><\/p>\n","protected":false},"author":6,"featured_media":0,"comment_status":"open","ping_status":"open","sticky":false,"template":"","format":"standard","meta":[],"categories":[62],"tags":[104,69,105,107,38,102,103,106],"_links":{"self":[{"href":"https:\/\/spd-kettwig.de\/index.php?rest_route=\/wp\/v2\/posts\/351"}],"collection":[{"href":"https:\/\/spd-kettwig.de\/index.php?rest_route=\/wp\/v2\/posts"}],"about":[{"href":"https:\/\/spd-kettwig.de\/index.php?rest_route=\/wp\/v2\/types\/post"}],"author":[{"embeddable":true,"href":"https:\/\/spd-kettwig.de\/index.php?rest_route=\/wp\/v2\/users\/6"}],"replies":[{"embeddable":true,"href":"https:\/\/spd-kettwig.de\/index.php?rest_route=%2Fwp%2Fv2%2Fcomments&post=351"}],"version-history":[{"count":3,"href":"https:\/\/spd-kettwig.de\/index.php?rest_route=\/wp\/v2\/posts\/351\/revisions"}],"predecessor-version":[{"id":354,"href":"https:\/\/spd-kettwig.de\/index.php?rest_route=\/wp\/v2\/posts\/351\/revisions\/354"}],"wp:attachment":[{"href":"https:\/\/spd-kettwig.de\/index.php?rest_route=%2Fwp%2Fv2%2Fmedia&parent=351"}],"wp:term":[{"taxonomy":"category","embeddable":true,"href":"https:\/\/spd-kettwig.de\/index.php?rest_route=%2Fwp%2Fv2%2Fcategories&post=351"},{"taxonomy":"post_tag","embeddable":true,"href":"https:\/\/spd-kettwig.de\/index.php?rest_route=%2Fwp%2Fv2%2Ftags&post=351"}],"curies":[{"name":"wp","href":"https:\/\/api.w.org\/{rel}","templated":true}]}}