{"id":341,"date":"2020-07-22T08:00:00","date_gmt":"2020-07-22T06:00:00","guid":{"rendered":"http:\/\/spd-kettwig.de\/?p=341"},"modified":"2020-07-22T09:05:23","modified_gmt":"2020-07-22T07:05:23","slug":"unsere-kandidatinnen-fuer-die-bezirksvertretung-ix-kurz-vorgestellt-2","status":"publish","type":"post","link":"https:\/\/spd-kettwig.de\/?p=341","title":{"rendered":"Unsere KandidatInnen f\u00fcr die Bezirksvertretung IX kurz vorgestellt"},"content":{"rendered":"\n<p><strong>Martin Kryl<\/strong><\/p>\n\n\n\n<figure class=\"wp-block-image size-large\"><img decoding=\"async\" loading=\"lazy\" width=\"1024\" height=\"684\" src=\"http:\/\/spd-kettwig.de\/wp-content\/uploads\/2020\/07\/Martin-Kryl-1024x684.jpg\" alt=\"\" class=\"wp-image-378\" srcset=\"https:\/\/spd-kettwig.de\/wp-content\/uploads\/2020\/07\/Martin-Kryl-1024x684.jpg 1024w, https:\/\/spd-kettwig.de\/wp-content\/uploads\/2020\/07\/Martin-Kryl-300x200.jpg 300w, https:\/\/spd-kettwig.de\/wp-content\/uploads\/2020\/07\/Martin-Kryl-768x513.jpg 768w, https:\/\/spd-kettwig.de\/wp-content\/uploads\/2020\/07\/Martin-Kryl-1536x1026.jpg 1536w, https:\/\/spd-kettwig.de\/wp-content\/uploads\/2020\/07\/Martin-Kryl-2048x1367.jpg 2048w\" sizes=\"(max-width: 767px) 89vw, (max-width: 1000px) 54vw, (max-width: 1071px) 543px, 580px\" \/><figcaption>Foto: Daniel Behmenburg<\/figcaption><\/figure>\n\n\n\n<p><strong>Mein Motto ist:<\/strong><\/p>\n\n\n\n<p>&#8222;<em>Dort etwas tun wo man zuhause ist &#8211; also in Kettwig!<\/em>&#8222;<\/p>\n\n\n\n<p><strong>Ich bin geboren am:<\/strong>   7. Dezember 1947<\/p>\n\n\n\n<p><strong>Mein Beruf:<\/strong>  Gesch\u00e4ftsf\u00fchrer i. R.<\/p>\n\n\n\n<p><strong>Ich wohne:  <\/strong>am Rande der Altstadt &#8211; sch\u00f6n gr\u00fcn<\/p>\n\n\n\n<p><strong>Was mich interessiert:<\/strong>  <\/p>\n\n\n\n<p>Das Zuammenleben der Menschen hier in unserem sch\u00f6nen Dorf<\/p>\n\n\n\n<p><strong>Ich bin au\u00dferdem aktiv als:<\/strong>  <\/p>\n\n\n\n<p>Vorsitzender des HVV Heimat- und Verkehrsvereins Kettwig,&nbsp;<br>Aufsichtsratsvorsitzender Kettwiger Reiseb\u00fcro GmbH und arbeite bei der &#8222;Offenen Kirche&#8220; (Kirche am Markt) mit<\/p>\n","protected":false},"excerpt":{"rendered":"<p>Martin Kryl Mein Motto ist: &#8222;Dort etwas tun wo man zuhause ist &#8211; also in Kettwig!&#8222; Ich bin geboren am: 7. Dezember 1947 Mein Beruf: Gesch\u00e4ftsf\u00fchrer i. R. Ich wohne: am Rande der Altstadt &#8211; sch\u00f6n gr\u00fcn Was mich interessiert: Das Zuammenleben der Menschen hier in unserem sch\u00f6nen Dorf Ich bin au\u00dferdem aktiv als: Vorsitzender &hellip; <\/p>\n<p class=\"link-more\"><a href=\"https:\/\/spd-kettwig.de\/?p=341\" class=\"more-link\"><span class=\"screen-reader-text\">\u201eUnsere KandidatInnen f\u00fcr die Bezirksvertretung IX kurz vorgestellt\u201c<\/span> weiterlesen<\/a><\/p>\n","protected":false},"author":6,"featured_media":0,"comment_status":"open","ping_status":"open","sticky":false,"template":"","format":"standard","meta":[],"categories":[62],"tags":[72,114,110,66,113,22,69,111],"_links":{"self":[{"href":"https:\/\/spd-kettwig.de\/index.php?rest_route=\/wp\/v2\/posts\/341"}],"collection":[{"href":"https:\/\/spd-kettwig.de\/index.php?rest_route=\/wp\/v2\/posts"}],"about":[{"href":"https:\/\/spd-kettwig.de\/index.php?rest_route=\/wp\/v2\/types\/post"}],"author":[{"embeddable":true,"href":"https:\/\/spd-kettwig.de\/index.php?rest_route=\/wp\/v2\/users\/6"}],"replies":[{"embeddable":true,"href":"https:\/\/spd-kettwig.de\/index.php?rest_route=%2Fwp%2Fv2%2Fcomments&post=341"}],"version-history":[{"count":7,"href":"https:\/\/spd-kettwig.de\/index.php?rest_route=\/wp\/v2\/posts\/341\/revisions"}],"predecessor-version":[{"id":380,"href":"https:\/\/spd-kettwig.de\/index.php?rest_route=\/wp\/v2\/posts\/341\/revisions\/380"}],"wp:attachment":[{"href":"https:\/\/spd-kettwig.de\/index.php?rest_route=%2Fwp%2Fv2%2Fmedia&parent=341"}],"wp:term":[{"taxonomy":"category","embeddable":true,"href":"https:\/\/spd-kettwig.de\/index.php?rest_route=%2Fwp%2Fv2%2Fcategories&post=341"},{"taxonomy":"post_tag","embeddable":true,"href":"https:\/\/spd-kettwig.de\/index.php?rest_route=%2Fwp%2Fv2%2Ftags&post=341"}],"curies":[{"name":"wp","href":"https:\/\/api.w.org\/{rel}","templated":true}]}}