{"id":263,"date":"2020-06-24T20:34:09","date_gmt":"2020-06-24T20:34:09","guid":{"rendered":"http:\/\/spd-kettwig.de\/?p=263"},"modified":"2020-06-24T20:34:09","modified_gmt":"2020-06-24T20:34:09","slug":"spd-fraktion-begruesst-oeffnung-des-kettwiger-buergeramtes","status":"publish","type":"post","link":"https:\/\/spd-kettwig.de\/?p=263","title":{"rendered":"SPD-Fraktion begr\u00fc\u00dft \u00d6ffnung des Kettwiger B\u00fcrgeramtes"},"content":{"rendered":"\n<blockquote class=\"wp-block-quote\"><p>Pressemitteilung der SPD-Fraktion im Stadtbezuirk IX<\/p><\/blockquote>\n\n\n\n<figure class=\"wp-block-image size-large\"><img decoding=\"async\" loading=\"lazy\" width=\"1024\" height=\"683\" src=\"http:\/\/spd-kettwig.de\/wp-content\/uploads\/2020\/06\/Kettwig-Rathaus-1-2048x1365-1-1024x683.jpg\" alt=\"\" class=\"wp-image-264\" srcset=\"https:\/\/spd-kettwig.de\/wp-content\/uploads\/2020\/06\/Kettwig-Rathaus-1-2048x1365-1-1024x683.jpg 1024w, https:\/\/spd-kettwig.de\/wp-content\/uploads\/2020\/06\/Kettwig-Rathaus-1-2048x1365-1-300x200.jpg 300w, https:\/\/spd-kettwig.de\/wp-content\/uploads\/2020\/06\/Kettwig-Rathaus-1-2048x1365-1-768x512.jpg 768w, https:\/\/spd-kettwig.de\/wp-content\/uploads\/2020\/06\/Kettwig-Rathaus-1-2048x1365-1-1536x1024.jpg 1536w, https:\/\/spd-kettwig.de\/wp-content\/uploads\/2020\/06\/Kettwig-Rathaus-1-2048x1365-1.jpg 2048w\" sizes=\"(max-width: 767px) 89vw, (max-width: 1000px) 54vw, (max-width: 1071px) 543px, 580px\" \/><\/figure>\n\n\n\n<p>Gerade in Corona-Zeiten ist ein dezentrales Angebot in den Stadtteilen wichtig<\/p>\n\n\n\n<p>Die SPD-Fraktion in der Bezirksvertretung IX begr\u00fc\u00dft die Ank\u00fcndigung, dass das Bezirksb\u00fcrgeramt in Kettwig ab dem 17. August 2020 wieder seine Pforten \u00f6ffnet.<\/p>\n\n\n\n<p>\u201eDas ist eine gute Nachricht f\u00fcr die Menschen im Stadtbezirk IX. Dass der urspr\u00fcngliche \u00d6ffnungstermin am 3. August anscheinend nicht gehalten werden konnte ist schade, aber wir sehen nun optimistisch nach vorne. Die vielen Nachfragen von den B\u00fcrgerinnen und B\u00fcrgern, wann denn \u201aihr\u2018 B\u00fcrgeramt wieder \u00f6ffnet, hat eindrucksvoll die Wichtigkeit der kleinen B\u00fcrger\u00e4mter unter Beweis gestellt. Ich freue mich in diesem Zusammenhang auch sehr f\u00fcr die Kettwiger Dienstleister im Bereich der Passbildfotografie, dass ihr coronabedingt schleppendes Gesch\u00e4ft nun wieder etwas belebt wird. Gleichzeitig rufe ich dazu auf, auch in diesem Bereich den Angeboten vor Ort den Vorzug zu geben, damit unsere Stadtteilzentren so gut wie m\u00f6glich durch die Pandemie kommen\u201c, so der Fraktionsvorsitzende der SPD in der Bezirksvertretung IX Daniel Behmenburg.<\/p>\n\n\n\n<p>Bezirksvertreterin Heike Lohmann erg\u00e4nzt: \u201eWir als SPD-Fraktion haben uns schon sehr fr\u00fchzeitig gegen die Entscheidung der Stadtspitze gestemmt, in Corona-Zeiten nur die gro\u00dfen B\u00fcrger\u00e4mter zu \u00f6ffnen. Unsere Forderung war klar und deutlich, dass zum Gesundheitsschutz in der aktuellen Pandemie man den Menschen nicht unn\u00f6tig lange Wege zumuten sollte. Das sollte man \u00fcbrigens auch au\u00dferhalb von Krisenzeiten nicht machen. Verwaltung muss b\u00fcrgernah sein, dazu geh\u00f6rt auch eine r\u00e4umliche N\u00e4he. Wir unterst\u00fctzen es sehr, dass diese Einsicht mittlerweile anscheinend auch verwaltungsseitig Zustimmung findet. Wir freuen uns schon darauf, das Team vom B\u00fcrger\u00e4mteramt dann ab Mitte August wieder in Kettwig begr\u00fc\u00dfen zu k\u00f6nnen.\u201c<\/p>\n","protected":false},"excerpt":{"rendered":"<p>Pressemitteilung der SPD-Fraktion im Stadtbezuirk IX Gerade in Corona-Zeiten ist ein dezentrales Angebot in den Stadtteilen wichtig Die SPD-Fraktion in der Bezirksvertretung IX begr\u00fc\u00dft die Ank\u00fcndigung, dass das Bezirksb\u00fcrgeramt in Kettwig ab dem 17. August 2020 wieder seine Pforten \u00f6ffnet. \u201eDas ist eine gute Nachricht f\u00fcr die Menschen im Stadtbezirk IX. Dass der urspr\u00fcngliche \u00d6ffnungstermin &hellip; <\/p>\n<p class=\"link-more\"><a href=\"https:\/\/spd-kettwig.de\/?p=263\" class=\"more-link\"><span class=\"screen-reader-text\">\u201eSPD-Fraktion begr\u00fc\u00dft \u00d6ffnung des Kettwiger B\u00fcrgeramtes\u201c<\/span> weiterlesen<\/a><\/p>\n","protected":false},"author":6,"featured_media":0,"comment_status":"open","ping_status":"open","sticky":false,"template":"","format":"standard","meta":[],"categories":[5],"tags":[89,90,83,93,95,85,96,22,94,86,88,84,92,91],"_links":{"self":[{"href":"https:\/\/spd-kettwig.de\/index.php?rest_route=\/wp\/v2\/posts\/263"}],"collection":[{"href":"https:\/\/spd-kettwig.de\/index.php?rest_route=\/wp\/v2\/posts"}],"about":[{"href":"https:\/\/spd-kettwig.de\/index.php?rest_route=\/wp\/v2\/types\/post"}],"author":[{"embeddable":true,"href":"https:\/\/spd-kettwig.de\/index.php?rest_route=\/wp\/v2\/users\/6"}],"replies":[{"embeddable":true,"href":"https:\/\/spd-kettwig.de\/index.php?rest_route=%2Fwp%2Fv2%2Fcomments&post=263"}],"version-history":[{"count":1,"href":"https:\/\/spd-kettwig.de\/index.php?rest_route=\/wp\/v2\/posts\/263\/revisions"}],"predecessor-version":[{"id":265,"href":"https:\/\/spd-kettwig.de\/index.php?rest_route=\/wp\/v2\/posts\/263\/revisions\/265"}],"wp:attachment":[{"href":"https:\/\/spd-kettwig.de\/index.php?rest_route=%2Fwp%2Fv2%2Fmedia&parent=263"}],"wp:term":[{"taxonomy":"category","embeddable":true,"href":"https:\/\/spd-kettwig.de\/index.php?rest_route=%2Fwp%2Fv2%2Fcategories&post=263"},{"taxonomy":"post_tag","embeddable":true,"href":"https:\/\/spd-kettwig.de\/index.php?rest_route=%2Fwp%2Fv2%2Ftags&post=263"}],"curies":[{"name":"wp","href":"https:\/\/api.w.org\/{rel}","templated":true}]}}