{"id":247,"date":"2020-06-18T18:00:00","date_gmt":"2020-06-18T18:00:00","guid":{"rendered":"http:\/\/spd-kettwig.de\/?p=247"},"modified":"2020-06-21T13:31:17","modified_gmt":"2020-06-21T13:31:17","slug":"spd-fraktion-fordert-moratorium-fuer-das-gelaende-der-villa-ruhnau","status":"publish","type":"post","link":"https:\/\/spd-kettwig.de\/?p=247","title":{"rendered":"SPD-Fraktion fordert Moratorium f\u00fcr das Gel\u00e4nde der Villa Ruhnau"},"content":{"rendered":"\n<blockquote class=\"wp-block-quote\"><p>Pressemitteilung der SPD-Fraktion im Stadtbezirk IX<\/p><\/blockquote>\n\n\n\n<figure class=\"wp-block-image size-large\"><img decoding=\"async\" loading=\"lazy\" width=\"1024\" height=\"683\" src=\"http:\/\/spd-kettwig.de\/wp-content\/uploads\/2020\/06\/villa-ruhnau-1024x683.jpg\" alt=\"\" class=\"wp-image-230\" srcset=\"https:\/\/spd-kettwig.de\/wp-content\/uploads\/2020\/06\/villa-ruhnau-1024x683.jpg 1024w, https:\/\/spd-kettwig.de\/wp-content\/uploads\/2020\/06\/villa-ruhnau-300x200.jpg 300w, https:\/\/spd-kettwig.de\/wp-content\/uploads\/2020\/06\/villa-ruhnau-768x512.jpg 768w, https:\/\/spd-kettwig.de\/wp-content\/uploads\/2020\/06\/villa-ruhnau-1536x1024.jpg 1536w, https:\/\/spd-kettwig.de\/wp-content\/uploads\/2020\/06\/villa-ruhnau-2048x1365.jpg 2048w\" sizes=\"(max-width: 767px) 89vw, (max-width: 1000px) 54vw, (max-width: 1071px) 543px, 580px\" \/><\/figure>\n\n\n\n<p><strong>Alle Beteiligten m\u00fcssen sich jetzt die Zeit nehmen, verlorenes Vertrauen wiederherzustellen<\/strong><\/p>\n\n\n\n<p>Die SPD-Fraktion in der Bezirksvertretung IX spricht sich f\u00fcr ein Moratorium am Grundst\u00fcck B\u00f6gelsknappen 1 in Kettwig (Villa Ruhnau) aus.<\/p>\n\n\n\n<p>\u201eWenn ich mir die Presseverlautbarungen der Anwohnerinnen und Anwohner des B\u00f6gelsknappens wie auch deren aktuelles Schreiben anschaue, dann ist bei der Nachbarschaft viel Vertrauen verloren gegangen. Das ist schade und genau das sollte bei kritisch-konstruktivem B\u00fcrgerengagement nicht passieren. Bei dem ganzen Verfahren gab es auch bei mir immer ein St\u00f6rgef\u00fchl, viele Fragezeichen und das Gef\u00fchl einer gewissen Intransparenz. Deshalb m\u00fcssen wir uns nun ausreichend Zeit nehmen, alles in Ruhe aufzuarbeiten, um sich dann grundlegend auszusprechen. Wenn der Nachbarschaftskreis B\u00f6gelsknappen Energie in ein Gegengutachten investiert, dann erfordert es meines Erachtens der Respekt, dass man dieses abwartet und dann gemeinsam bewertet\u201c, so der Fraktionsvorsitzende der SPD in der Bezirksvertretung IX Daniel Behmenburg.<\/p>\n\n\n\n<p>Bezirksvertreterin Heike Lohmann erg\u00e4nzt: \u201eDie Verwaltung sollte ernsthaft pr\u00fcfen, welche rechtlichen M\u00f6glichkeiten es gibt, Ma\u00dfnahmen und Beschl\u00fcsse erst einmal auszusetzen, damit keine Fakten w\u00e4hrend dieser Zeit geschaffen werden. Das Verfahren zieht sich bereits so lange hin, dass diese kurze Pause nichts verschlagen, daf\u00fcr aber im Interesse aller Beteiligten sein d\u00fcrfte.\u201c<\/p>\n","protected":false},"excerpt":{"rendered":"<p>Pressemitteilung der SPD-Fraktion im Stadtbezirk IX Alle Beteiligten m\u00fcssen sich jetzt die Zeit nehmen, verlorenes Vertrauen wiederherzustellen Die SPD-Fraktion in der Bezirksvertretung IX spricht sich f\u00fcr ein Moratorium am Grundst\u00fcck B\u00f6gelsknappen 1 in Kettwig (Villa Ruhnau) aus. \u201eWenn ich mir die Presseverlautbarungen der Anwohnerinnen und Anwohner des B\u00f6gelsknappens wie auch deren aktuelles Schreiben anschaue, dann &hellip; <\/p>\n<p class=\"link-more\"><a href=\"https:\/\/spd-kettwig.de\/?p=247\" class=\"more-link\"><span class=\"screen-reader-text\">\u201eSPD-Fraktion fordert Moratorium f\u00fcr das Gel\u00e4nde der Villa Ruhnau\u201c<\/span> weiterlesen<\/a><\/p>\n","protected":false},"author":6,"featured_media":0,"comment_status":"open","ping_status":"open","sticky":false,"template":"","format":"standard","meta":[],"categories":[5],"tags":[40,41,53,51,52,43,44,54,50],"_links":{"self":[{"href":"https:\/\/spd-kettwig.de\/index.php?rest_route=\/wp\/v2\/posts\/247"}],"collection":[{"href":"https:\/\/spd-kettwig.de\/index.php?rest_route=\/wp\/v2\/posts"}],"about":[{"href":"https:\/\/spd-kettwig.de\/index.php?rest_route=\/wp\/v2\/types\/post"}],"author":[{"embeddable":true,"href":"https:\/\/spd-kettwig.de\/index.php?rest_route=\/wp\/v2\/users\/6"}],"replies":[{"embeddable":true,"href":"https:\/\/spd-kettwig.de\/index.php?rest_route=%2Fwp%2Fv2%2Fcomments&post=247"}],"version-history":[{"count":1,"href":"https:\/\/spd-kettwig.de\/index.php?rest_route=\/wp\/v2\/posts\/247\/revisions"}],"predecessor-version":[{"id":248,"href":"https:\/\/spd-kettwig.de\/index.php?rest_route=\/wp\/v2\/posts\/247\/revisions\/248"}],"wp:attachment":[{"href":"https:\/\/spd-kettwig.de\/index.php?rest_route=%2Fwp%2Fv2%2Fmedia&parent=247"}],"wp:term":[{"taxonomy":"category","embeddable":true,"href":"https:\/\/spd-kettwig.de\/index.php?rest_route=%2Fwp%2Fv2%2Fcategories&post=247"},{"taxonomy":"post_tag","embeddable":true,"href":"https:\/\/spd-kettwig.de\/index.php?rest_route=%2Fwp%2Fv2%2Ftags&post=247"}],"curies":[{"name":"wp","href":"https:\/\/api.w.org\/{rel}","templated":true}]}}