{"id":227,"date":"2020-05-13T12:00:00","date_gmt":"2020-05-13T12:00:00","guid":{"rendered":"http:\/\/spd-kettwig.de\/?p=227"},"modified":"2020-06-21T13:24:43","modified_gmt":"2020-06-21T13:24:43","slug":"ablehnendes-votum-zum-denkmalschutz-am-boegelsknappen-enttaeuscht-spd-fraktion","status":"publish","type":"post","link":"https:\/\/spd-kettwig.de\/?p=227","title":{"rendered":"Ablehnendes Votum zum Denkmalschutz am B\u00f6gelsknappen entt\u00e4uscht SPD-Fraktion"},"content":{"rendered":"\n<blockquote class=\"wp-block-quote\"><p>Pressemitteilung der SPD-Fraktion im Stadtbezirk IX<\/p><\/blockquote>\n\n\n\n<figure class=\"wp-block-image size-large\"><img decoding=\"async\" loading=\"lazy\" width=\"1024\" height=\"683\" src=\"http:\/\/spd-kettwig.de\/wp-content\/uploads\/2020\/06\/villa-ruhnau-1024x683.jpg\" alt=\"\" class=\"wp-image-230\" srcset=\"https:\/\/spd-kettwig.de\/wp-content\/uploads\/2020\/06\/villa-ruhnau-1024x683.jpg 1024w, https:\/\/spd-kettwig.de\/wp-content\/uploads\/2020\/06\/villa-ruhnau-300x200.jpg 300w, https:\/\/spd-kettwig.de\/wp-content\/uploads\/2020\/06\/villa-ruhnau-768x512.jpg 768w, https:\/\/spd-kettwig.de\/wp-content\/uploads\/2020\/06\/villa-ruhnau-1536x1024.jpg 1536w, https:\/\/spd-kettwig.de\/wp-content\/uploads\/2020\/06\/villa-ruhnau-2048x1365.jpg 2048w\" sizes=\"(max-width: 767px) 89vw, (max-width: 1000px) 54vw, (max-width: 1071px) 543px, 580px\" \/><\/figure>\n\n\n\n<p>I<strong>rritation \u00fcber mangelhafte Informationspolitik seitens der Verwaltung wird nachbetrachtet<\/strong><\/p>\n\n\n\n<p>\u201eDer Dorffunk in Kettwig berichtet von einer Ablehnung des Antrags auf Unterschutzstellung der landl\u00e4ufig Ruhnau-Villa genannten Immobilie am B\u00f6gelsknappen in Kettwig. Wenn das stimmt, ist es ein herber R\u00fcckschlag f\u00fcr unseren Stadtteil und insbesondere f\u00fcr die engagierten Nachbarn, die die Historie des Geb\u00e4udes beispielhaft in Zusammenarbeit mit dem Heimat- und Verkehrsverein aufbereitet haben. Es ging hier aber nicht nur um den Erhalt dieses St\u00fcckes Stadtteilgeschichte, auch berechtigte Sorgen \u00fcber die Zunahme des Verkehrs an dieser bereits sehr ausgelasteten Stelle spielten eine Rolle. Wir k\u00f6nnen nicht st\u00e4ndig neu bauen und Fragen der zuk\u00fcnftigen Belastung der Quartiere hintanstellen. Wir m\u00fcssen uns auf Stadtebene deshalb endlich die Frage stellen, wie wir uns die Mobilit\u00e4t der Zukunft in Kettwig vorstellen\u201c, so der SPD-Fraktionsvorsitzende in der Bezirksvertretung IX Daniel Behmenburg.<\/p>\n\n\n\n<p>\u201eEs gab und gibt einen breiten politischen Konsens zum Erhalt dieses Geb\u00e4udes, das Kettwig in verschiedensten Funktionen treue Dienste geleistet hat. Der Grundstein des Protestes wurde damals mit dem \u201aNein\u2018 der Bezirksvertretung IX zum Verkauf eines Teils des betreffenden Grundst\u00fccks gelegt. Diesem Votum hat sich der Ausschuss f\u00fcr Stadtplanung und Stadtentwicklung in der Folge angeschlossen. Es ist entt\u00e4uschend, wie wenig Gestaltungsspielraum Politik anscheinend hat. Das muss sich \u00e4ndern\u201c, erg\u00e4nzt Behmenburgs Kollege Jan Robert Belouschek.<\/p>\n\n\n\n<p>Irritiert \u00e4u\u00dfern sich die SPD-Bezirkspolitiker auch dar\u00fcber, dass unter der Hand anscheinend bereits bestimmte Mandatstr\u00e4ger informiert wurden, aber wohl noch nicht einmal die antragstellende Nachbarschaft. \u201eDas ist kein Umgang mit den B\u00fcrgerinnen und B\u00fcrger, der Schule machen sollte. Die Menschen m\u00fcssen das Gef\u00fchl haben, dass Politik und Verwaltung Ihre Anliegen ernst nehmen. So erreicht man das Gegenteil. Das wird es nachzubetrachten gelten. Auch wir als SPD-Fraktion haben zum Ende des vergangenen Jahres mit einem Brief an die Bezirksregierung das Ansinnen der Anwohnerinnen und Anwohner unterst\u00fctzt, dieses geschichtstr\u00e4chtige Geb\u00e4ude unter Denkmalschutz zu stellen. Und auch wir haben bis heute keine Antwort auf dieses Schreiben erhalten. Wenn nun nur ausgew\u00e4hlte politische Vertreter informiert werden, verwundert das schon und wirft weitere Fragen auf, die ebenfalls in den n\u00e4chsten Wochen beantwortet werden m\u00fcssen\u201c, so Behmenburg zum jetzigen Zeitpunkt abschlie\u00dfend.<\/p>\n","protected":false},"excerpt":{"rendered":"<p>Pressemitteilung der SPD-Fraktion im Stadtbezirk IX Irritation \u00fcber mangelhafte Informationspolitik seitens der Verwaltung wird nachbetrachtet \u201eDer Dorffunk in Kettwig berichtet von einer Ablehnung des Antrags auf Unterschutzstellung der landl\u00e4ufig Ruhnau-Villa genannten Immobilie am B\u00f6gelsknappen in Kettwig. Wenn das stimmt, ist es ein herber R\u00fcckschlag f\u00fcr unseren Stadtteil und insbesondere f\u00fcr die engagierten Nachbarn, die die &hellip; <\/p>\n<p class=\"link-more\"><a href=\"https:\/\/spd-kettwig.de\/?p=227\" class=\"more-link\"><span class=\"screen-reader-text\">\u201eAblehnendes Votum zum Denkmalschutz am B\u00f6gelsknappen entt\u00e4uscht SPD-Fraktion\u201c<\/span> weiterlesen<\/a><\/p>\n","protected":false},"author":6,"featured_media":0,"comment_status":"open","ping_status":"open","sticky":false,"template":"","format":"standard","meta":[],"categories":[1],"tags":[46,47,40,41,49,42,43,44,48,45],"_links":{"self":[{"href":"https:\/\/spd-kettwig.de\/index.php?rest_route=\/wp\/v2\/posts\/227"}],"collection":[{"href":"https:\/\/spd-kettwig.de\/index.php?rest_route=\/wp\/v2\/posts"}],"about":[{"href":"https:\/\/spd-kettwig.de\/index.php?rest_route=\/wp\/v2\/types\/post"}],"author":[{"embeddable":true,"href":"https:\/\/spd-kettwig.de\/index.php?rest_route=\/wp\/v2\/users\/6"}],"replies":[{"embeddable":true,"href":"https:\/\/spd-kettwig.de\/index.php?rest_route=%2Fwp%2Fv2%2Fcomments&post=227"}],"version-history":[{"count":4,"href":"https:\/\/spd-kettwig.de\/index.php?rest_route=\/wp\/v2\/posts\/227\/revisions"}],"predecessor-version":[{"id":235,"href":"https:\/\/spd-kettwig.de\/index.php?rest_route=\/wp\/v2\/posts\/227\/revisions\/235"}],"wp:attachment":[{"href":"https:\/\/spd-kettwig.de\/index.php?rest_route=%2Fwp%2Fv2%2Fmedia&parent=227"}],"wp:term":[{"taxonomy":"category","embeddable":true,"href":"https:\/\/spd-kettwig.de\/index.php?rest_route=%2Fwp%2Fv2%2Fcategories&post=227"},{"taxonomy":"post_tag","embeddable":true,"href":"https:\/\/spd-kettwig.de\/index.php?rest_route=%2Fwp%2Fv2%2Ftags&post=227"}],"curies":[{"name":"wp","href":"https:\/\/api.w.org\/{rel}","templated":true}]}}