{"id":216,"date":"2020-06-21T13:54:42","date_gmt":"2020-06-21T13:54:42","guid":{"rendered":"http:\/\/spd-kettwig.de\/?p=216"},"modified":"2020-06-21T13:54:42","modified_gmt":"2020-06-21T13:54:42","slug":"unser-ob-kandiat","status":"publish","type":"post","link":"https:\/\/spd-kettwig.de\/?p=216","title":{"rendered":"Unser OB-Kandiat"},"content":{"rendered":"\n<figure class=\"wp-block-image size-large\"><img decoding=\"async\" loading=\"lazy\" width=\"1024\" height=\"683\" src=\"http:\/\/spd-kettwig.de\/wp-content\/uploads\/2020\/06\/oliver_kern-1024x683.jpg\" alt=\"\" class=\"wp-image-254\" srcset=\"https:\/\/spd-kettwig.de\/wp-content\/uploads\/2020\/06\/oliver_kern-1024x683.jpg 1024w, https:\/\/spd-kettwig.de\/wp-content\/uploads\/2020\/06\/oliver_kern-300x200.jpg 300w, https:\/\/spd-kettwig.de\/wp-content\/uploads\/2020\/06\/oliver_kern-768x512.jpg 768w, https:\/\/spd-kettwig.de\/wp-content\/uploads\/2020\/06\/oliver_kern-1536x1024.jpg 1536w, https:\/\/spd-kettwig.de\/wp-content\/uploads\/2020\/06\/oliver_kern-2048x1365.jpg 2048w\" sizes=\"(max-width: 767px) 89vw, (max-width: 1000px) 54vw, (max-width: 1071px) 543px, 580px\" \/><\/figure>\n\n\n\n<h1><a href=\"https:\/\/www.oliverkern.ruhr\">Oliver Kern<\/a><\/h1>\n\n\n\n<p>&#8222;Ich m\u00f6chte daf\u00fcr sorgen, dass meine Heimat- und Geburtsstadt Essen besser und gerechter wird. Daf\u00fcr werde ich in den kommenden Monaten alles geben. Packen wir es gemeinsam an!&#8220;<\/p>\n\n\n\n<p><a href=\"https:\/\/www.oliverkern.ruhr\">zur Homepage von Oliver Kern<\/a><\/p>\n","protected":false},"excerpt":{"rendered":"<p>Oliver Kern &#8222;Ich m\u00f6chte daf\u00fcr sorgen, dass meine Heimat- und Geburtsstadt Essen besser und gerechter wird. Daf\u00fcr werde ich in den kommenden Monaten alles geben. Packen wir es gemeinsam an!&#8220; zur Homepage von Oliver Kern<\/p>\n","protected":false},"author":6,"featured_media":0,"comment_status":"open","ping_status":"open","sticky":false,"template":"","format":"standard","meta":[],"categories":[62],"tags":[66,67,64,38,65,63],"_links":{"self":[{"href":"https:\/\/spd-kettwig.de\/index.php?rest_route=\/wp\/v2\/posts\/216"}],"collection":[{"href":"https:\/\/spd-kettwig.de\/index.php?rest_route=\/wp\/v2\/posts"}],"about":[{"href":"https:\/\/spd-kettwig.de\/index.php?rest_route=\/wp\/v2\/types\/post"}],"author":[{"embeddable":true,"href":"https:\/\/spd-kettwig.de\/index.php?rest_route=\/wp\/v2\/users\/6"}],"replies":[{"embeddable":true,"href":"https:\/\/spd-kettwig.de\/index.php?rest_route=%2Fwp%2Fv2%2Fcomments&post=216"}],"version-history":[{"count":3,"href":"https:\/\/spd-kettwig.de\/index.php?rest_route=\/wp\/v2\/posts\/216\/revisions"}],"predecessor-version":[{"id":255,"href":"https:\/\/spd-kettwig.de\/index.php?rest_route=\/wp\/v2\/posts\/216\/revisions\/255"}],"wp:attachment":[{"href":"https:\/\/spd-kettwig.de\/index.php?rest_route=%2Fwp%2Fv2%2Fmedia&parent=216"}],"wp:term":[{"taxonomy":"category","embeddable":true,"href":"https:\/\/spd-kettwig.de\/index.php?rest_route=%2Fwp%2Fv2%2Fcategories&post=216"},{"taxonomy":"post_tag","embeddable":true,"href":"https:\/\/spd-kettwig.de\/index.php?rest_route=%2Fwp%2Fv2%2Ftags&post=216"}],"curies":[{"name":"wp","href":"https:\/\/api.w.org\/{rel}","templated":true}]}}