{"id":213,"date":"2020-06-19T18:00:03","date_gmt":"2020-06-19T18:00:03","guid":{"rendered":"http:\/\/spd-kettwig.de\/?p=213"},"modified":"2020-06-21T14:10:53","modified_gmt":"2020-06-21T14:10:53","slug":"karstadt-kaufhof-schliessungen-tiefschlag-fuer-die-beschaeftigten-und-die-stadt-essen","status":"publish","type":"post","link":"https:\/\/spd-kettwig.de\/?p=213","title":{"rendered":"Karstadt-Kaufhof-Schlie\u00dfungen: Tiefschlag f\u00fcr die Besch\u00e4ftigten und die Stadt Essen"},"content":{"rendered":"\n<blockquote class=\"wp-block-quote\"><p>Meldung der SPD Essen<\/p><\/blockquote>\n\n\n\n<p><em>Oliver Kern \u201eDas ist e<\/em>i<em>n absoluter Tiefschlag f\u00fcr die<\/em> <em>Besch\u00e4ftigten von Karstadt\/Kaufhof in Essen. Ausgerechnet am Ort des Unternehmenssitzes sollen beide Filialen geschlossen und hunderte Jobs gestrichen werden&#8230;<\/em><\/p>\n\n\n\n<p>Zu den am Freitag (19.06.) verk\u00fcndeten Schlie\u00dfungspl\u00e4nen bei Galeria Karstadt-Kaufhof erkl\u00e4ren<strong> Oliver Kern, OB-Kandidat der SPD Essen<\/strong> und <strong>Thomas Kutschaty, Vorsitzender der Essener SPD<\/strong>&#8230; <a href=\"https:\/\/www.spdessen.de\/2020\/06\/19\/karstadt-kaufhof-schliessungen-tiefschlag-fuer-die-beschaeftigten-und-die-stadt-essen\/\">weiterlesen<\/a><\/p>\n","protected":false},"excerpt":{"rendered":"<p>Meldung der SPD Essen Oliver Kern \u201eDas ist ein absoluter Tiefschlag f\u00fcr die Besch\u00e4ftigten von Karstadt\/Kaufhof in Essen. Ausgerechnet am Ort des Unternehmenssitzes sollen beide Filialen geschlossen und hunderte Jobs gestrichen werden&#8230; Zu den am Freitag (19.06.) verk\u00fcndeten Schlie\u00dfungspl\u00e4nen bei Galeria Karstadt-Kaufhof erkl\u00e4ren Oliver Kern, OB-Kandidat der SPD Essen und Thomas Kutschaty, Vorsitzender der Essener &hellip; <\/p>\n<p class=\"link-more\"><a href=\"https:\/\/spd-kettwig.de\/?p=213\" class=\"more-link\"><span class=\"screen-reader-text\">\u201eKarstadt-Kaufhof-Schlie\u00dfungen: Tiefschlag f\u00fcr die Besch\u00e4ftigten und die Stadt Essen\u201c<\/span> weiterlesen<\/a><\/p>\n","protected":false},"author":6,"featured_media":0,"comment_status":"open","ping_status":"open","sticky":false,"template":"","format":"standard","meta":[],"categories":[1],"tags":[],"_links":{"self":[{"href":"https:\/\/spd-kettwig.de\/index.php?rest_route=\/wp\/v2\/posts\/213"}],"collection":[{"href":"https:\/\/spd-kettwig.de\/index.php?rest_route=\/wp\/v2\/posts"}],"about":[{"href":"https:\/\/spd-kettwig.de\/index.php?rest_route=\/wp\/v2\/types\/post"}],"author":[{"embeddable":true,"href":"https:\/\/spd-kettwig.de\/index.php?rest_route=\/wp\/v2\/users\/6"}],"replies":[{"embeddable":true,"href":"https:\/\/spd-kettwig.de\/index.php?rest_route=%2Fwp%2Fv2%2Fcomments&post=213"}],"version-history":[{"count":3,"href":"https:\/\/spd-kettwig.de\/index.php?rest_route=\/wp\/v2\/posts\/213\/revisions"}],"predecessor-version":[{"id":256,"href":"https:\/\/spd-kettwig.de\/index.php?rest_route=\/wp\/v2\/posts\/213\/revisions\/256"}],"wp:attachment":[{"href":"https:\/\/spd-kettwig.de\/index.php?rest_route=%2Fwp%2Fv2%2Fmedia&parent=213"}],"wp:term":[{"taxonomy":"category","embeddable":true,"href":"https:\/\/spd-kettwig.de\/index.php?rest_route=%2Fwp%2Fv2%2Fcategories&post=213"},{"taxonomy":"post_tag","embeddable":true,"href":"https:\/\/spd-kettwig.de\/index.php?rest_route=%2Fwp%2Fv2%2Ftags&post=213"}],"curies":[{"name":"wp","href":"https:\/\/api.w.org\/{rel}","templated":true}]}}