{"id":189,"date":"2020-05-01T09:23:13","date_gmt":"2020-05-01T09:23:13","guid":{"rendered":"http:\/\/spd-kettwig.de\/?p=189"},"modified":"2020-05-01T09:24:28","modified_gmt":"2020-05-01T09:24:28","slug":"solidarisch-ist-man-nicht-alleine","status":"publish","type":"post","link":"https:\/\/spd-kettwig.de\/?p=189","title":{"rendered":"Solidarisch ist man nicht alleine"},"content":{"rendered":"\n<p>Liebe Kettwigerinnen und Kettwiger,<\/p>\n\n\n\n<p>wenn dieses Jahr wie jedes Jahr w\u00e4re, h\u00e4tten wir von der SPD Kettwig jetzt mit unseren Fahnen an dem gro\u00dfen Demonstrationszug gemeinsam mit den Gewerkschaften durch die Stadt Essen teilgenommen &#8211; vom Giradethaus bis zum Burgplatz -, um dort bei der zentralen Kundgebung dabei sein.<\/p>\n\n\n\n<p>In diesem Jahr ist es anders. Wir sind gemeinsam solidarisch &#8211; hier vor Ort in Kettwig mit Fahnen an den Fenstern, in den Schauk\u00e4sten und virtuell im Intenet und den sozialen Netzwerken (#SolidarischNichtAlleine). Wir sind im Kontakt mit allen, die bei sich zuhause solidarisch sind. Wir halten zusammen und k\u00e4mpfen f\u00fcr bessere Arbeitsbedingungen.<\/p>\n\n\n\n<p>Gerade in dieser Krisenzeit wird uns bewusst, wer mit seiner t\u00e4glichen Arbeit unter schwierigen Bedingungen hinter Plexiglas oder Mundschutz oder in sicherem Abstand  zu uns daf\u00fcr sorgt, dass es im t\u00e4glichen Leben weitergeht und sichere Bedingungen geschaffen werden. Das sind zum Beispiel die vielen Arbeitnehmerinnen und Arbeitnehmer in den Krankenh\u00e4usern, Alten- und Pflegeheimen, die Lehrkr\u00e4fte und KiTa-Kr\u00e4fte, die Reinigungskr\u00e4fte, die vielen Besch\u00e4ftigten im Einzelhandel, bei den Stadtwerken, die Lieferanten, die Postbesch\u00e4ftigten, die Lieferdienste, die uns mit Kettwiger Waren und Essen aus den Kettwiger Restaurtants beliefern, und auch diejenigen in den \u00c4mtern, die sich um Soforthilfen und Steuerstundung k\u00fcmmern. <\/p>\n\n\n\n<p>Ihnen allen wollen wir heute Danke sagen. Wir wollen auch nach der Krise nicht vergessen, was alle f\u00fcr uns geleistet haben und uns f\u00fcr bessere Arbeitsbedingungen f\u00fcr sie in der Zukunft einsetzen.<\/p>\n","protected":false},"excerpt":{"rendered":"<p>Liebe Kettwigerinnen und Kettwiger, wenn dieses Jahr wie jedes Jahr w\u00e4re, h\u00e4tten wir von der SPD Kettwig jetzt mit unseren Fahnen an dem gro\u00dfen Demonstrationszug gemeinsam mit den Gewerkschaften durch die Stadt Essen teilgenommen &#8211; vom Giradethaus bis zum Burgplatz -, um dort bei der zentralen Kundgebung dabei sein. In diesem Jahr ist es anders. &hellip; <\/p>\n<p class=\"link-more\"><a href=\"https:\/\/spd-kettwig.de\/?p=189\" class=\"more-link\"><span class=\"screen-reader-text\">\u201eSolidarisch ist man nicht alleine\u201c<\/span> weiterlesen<\/a><\/p>\n","protected":false},"author":6,"featured_media":196,"comment_status":"open","ping_status":"open","sticky":false,"template":"","format":"standard","meta":[],"categories":[5],"tags":[],"_links":{"self":[{"href":"https:\/\/spd-kettwig.de\/index.php?rest_route=\/wp\/v2\/posts\/189"}],"collection":[{"href":"https:\/\/spd-kettwig.de\/index.php?rest_route=\/wp\/v2\/posts"}],"about":[{"href":"https:\/\/spd-kettwig.de\/index.php?rest_route=\/wp\/v2\/types\/post"}],"author":[{"embeddable":true,"href":"https:\/\/spd-kettwig.de\/index.php?rest_route=\/wp\/v2\/users\/6"}],"replies":[{"embeddable":true,"href":"https:\/\/spd-kettwig.de\/index.php?rest_route=%2Fwp%2Fv2%2Fcomments&post=189"}],"version-history":[{"count":7,"href":"https:\/\/spd-kettwig.de\/index.php?rest_route=\/wp\/v2\/posts\/189\/revisions"}],"predecessor-version":[{"id":197,"href":"https:\/\/spd-kettwig.de\/index.php?rest_route=\/wp\/v2\/posts\/189\/revisions\/197"}],"wp:featuredmedia":[{"embeddable":true,"href":"https:\/\/spd-kettwig.de\/index.php?rest_route=\/wp\/v2\/media\/196"}],"wp:attachment":[{"href":"https:\/\/spd-kettwig.de\/index.php?rest_route=%2Fwp%2Fv2%2Fmedia&parent=189"}],"wp:term":[{"taxonomy":"category","embeddable":true,"href":"https:\/\/spd-kettwig.de\/index.php?rest_route=%2Fwp%2Fv2%2Fcategories&post=189"},{"taxonomy":"post_tag","embeddable":true,"href":"https:\/\/spd-kettwig.de\/index.php?rest_route=%2Fwp%2Fv2%2Ftags&post=189"}],"curies":[{"name":"wp","href":"https:\/\/api.w.org\/{rel}","templated":true}]}}