{"id":168,"date":"2020-03-28T15:18:31","date_gmt":"2020-03-28T15:18:31","guid":{"rendered":"http:\/\/spd-kettwig.de\/?p=168"},"modified":"2020-07-07T10:48:44","modified_gmt":"2020-07-07T10:48:44","slug":"hilfen-in-der-corona-krise","status":"publish","type":"post","link":"https:\/\/spd-kettwig.de\/?p=168","title":{"rendered":"Hilfen in der Corona-Krise"},"content":{"rendered":"\n<p>Liebe Kettwigerinnen, liebe Kettwiger,<\/p>\n\n\n\n<p>die aktuelle Krise und die Kontakteinschr\u00e4nkungen stellen uns alle vor gro\u00dfe Herausforderungen. In unserem Privat- und unserem Berufsleben, sowohl die Besch\u00e4ftigten wie auch die Unternehmen hier in Kettwig.<\/p>\n\n\n\n<p>Pers\u00f6nlich k\u00f6nnen wir hier in Kettwig Unterst\u00fctzung leisten, indem wir die vielf\u00e4ltigen M\u00f6glichkeiten nutzen, unseren Einzelhandel, Restaurants und Unternehmen weiterhin zu unterst\u00fctzen. \u00dcber die Website &#8222;<a href=\"https:\/\/www.kettwig-erleben.de\/\"><strong>Kettwig-erleben&#8220;<\/strong><\/a> k\u00f6nnen Sie sich \u00fcber die Liefer- und Serviceangebote der Kettwiger Unternehmen und B\u00fcrgerinnen und B\u00fcrger informieren.<\/p>\n\n\n\n<p>Wichtig ist jetzt vor allem, dass die Hilfsma\u00dfnahmen, die von Bundestag und Landtag beschlossen wurden, schnell und unb\u00fcrokratisch umgesetzt werden und auch bei den Menschen, die sie am Dringensten ben\u00f6tigen, ankommen.<\/p>\n\n\n\n<p>Viele fragen sich in der Krise: Welche Hilfsprogramme kommen f\u00fcr mich in  Frage? Wohin muss ich mich wenden? Was muss ich angeben? Wo finde ich  ein Antragsformular? Die SPD-Landtagsfraktion hat einen aktuellen  \u00dcberblick als <a href=\"https:\/\/www.spd-fraktion-nrw.de\/fileadmin\/SPD\/user_upload\/SPD-Fraktion_NRW_Kompaktinfo_Corona.pdf\"><strong>Kompaktinfo<\/strong><\/a> f\u00fcr Sie zusammengestellt.<\/p>\n\n\n\n<figure class=\"wp-block-image\"><img decoding=\"async\" loading=\"lazy\" width=\"595\" height=\"842\" src=\"http:\/\/spd-kettwig.de\/wp-content\/uploads\/2020\/03\/csm_SPD-Fraktion_NRW_Kompaktinfo_Corona_0bd823ba12.gif\" alt=\"\" class=\"wp-image-176\"\/><\/figure>\n\n\n\n<p> <\/p>\n\n\n\n<p><\/p>\n","protected":false},"excerpt":{"rendered":"<p>Die aktuelle Krise und die Kontakteinschr\u00e4nkungen stellen uns alle vor gro\u00dfe Herausforderungen. In unserem Privat- und unserem Berufsleben, sowohl die Besch\u00e4ftigten wie auch die Unternehmen hier in Kettwig.<\/p>\n","protected":false},"author":6,"featured_media":0,"comment_status":"open","ping_status":"open","sticky":false,"template":"","format":"standard","meta":[],"categories":[5],"tags":[8,28,22,23,29,26,24,27,97],"_links":{"self":[{"href":"https:\/\/spd-kettwig.de\/index.php?rest_route=\/wp\/v2\/posts\/168"}],"collection":[{"href":"https:\/\/spd-kettwig.de\/index.php?rest_route=\/wp\/v2\/posts"}],"about":[{"href":"https:\/\/spd-kettwig.de\/index.php?rest_route=\/wp\/v2\/types\/post"}],"author":[{"embeddable":true,"href":"https:\/\/spd-kettwig.de\/index.php?rest_route=\/wp\/v2\/users\/6"}],"replies":[{"embeddable":true,"href":"https:\/\/spd-kettwig.de\/index.php?rest_route=%2Fwp%2Fv2%2Fcomments&post=168"}],"version-history":[{"count":8,"href":"https:\/\/spd-kettwig.de\/index.php?rest_route=\/wp\/v2\/posts\/168\/revisions"}],"predecessor-version":[{"id":183,"href":"https:\/\/spd-kettwig.de\/index.php?rest_route=\/wp\/v2\/posts\/168\/revisions\/183"}],"wp:attachment":[{"href":"https:\/\/spd-kettwig.de\/index.php?rest_route=%2Fwp%2Fv2%2Fmedia&parent=168"}],"wp:term":[{"taxonomy":"category","embeddable":true,"href":"https:\/\/spd-kettwig.de\/index.php?rest_route=%2Fwp%2Fv2%2Fcategories&post=168"},{"taxonomy":"post_tag","embeddable":true,"href":"https:\/\/spd-kettwig.de\/index.php?rest_route=%2Fwp%2Fv2%2Ftags&post=168"}],"curies":[{"name":"wp","href":"https:\/\/api.w.org\/{rel}","templated":true}]}}