{"id":134,"date":"2019-12-18T14:02:18","date_gmt":"2019-12-18T14:02:18","guid":{"rendered":"http:\/\/spd-kettwig.de\/?p=134"},"modified":"2020-03-01T16:42:05","modified_gmt":"2020-03-01T16:42:05","slug":"spd-in-kettwig-stellt-die-weichen-fuer-die-kommunalwahl-2020","status":"publish","type":"post","link":"https:\/\/spd-kettwig.de\/?p=134","title":{"rendered":"SPD in Kettwig stellt die Weichen f\u00fcr die Kommunalwahl 2020"},"content":{"rendered":"\n<p>Kettwiger Sozialdemokraten gehen mit Daniel Behmenburg und Susanne Gilbert in das Rennen f\u00fcr den Rat der Stadt Essen<\/p>\n\n\n\n<figure class=\"wp-block-image\"><img decoding=\"async\" loading=\"lazy\" width=\"1024\" height=\"683\" src=\"http:\/\/spd-kettwig.de\/wp-content\/uploads\/2019\/12\/Team-SPD-Kettwig-KW-2020-web-1024x683.jpg\" alt=\"\" class=\"wp-image-135\" srcset=\"https:\/\/spd-kettwig.de\/wp-content\/uploads\/2019\/12\/Team-SPD-Kettwig-KW-2020-web-1024x683.jpg 1024w, https:\/\/spd-kettwig.de\/wp-content\/uploads\/2019\/12\/Team-SPD-Kettwig-KW-2020-web-300x200.jpg 300w, https:\/\/spd-kettwig.de\/wp-content\/uploads\/2019\/12\/Team-SPD-Kettwig-KW-2020-web-768x512.jpg 768w\" sizes=\"(max-width: 767px) 89vw, (max-width: 1000px) 54vw, (max-width: 1071px) 543px, 580px\" \/><\/figure>\n\n\n\n<p>\u201eDer Umgang mit Themen wie dem L\u00f6wental und Ickten in der j\u00fcngsten Zeit haben mir gezeigt, dass der Bezirk IX endlich eine sozialdemokratische Stimme im Rat braucht. Die Themen Sauberkeit, Anbindung an den Nahverkehr, Erhaltung unserer Naherholungsorte und bezahlbares Wohnen brauchen auch im Essener S\u00fcden Antworten. Wichtig ist es mir bei allem weiterhin, nicht einsam im Hinterzimmer zu entscheiden, sondern mit den Menschen konstruktiv ins Gespr\u00e4ch zu kommen und gemeinsam an einem lebens- und liebenswerten Kettwig zu arbeiten\u201c, so <strong>Daniel Behmenburg <\/strong>nach seiner Nominierung als <strong>Kandidat f\u00fcr den Kommunalwahlbezirk 42<\/strong>.<\/p>\n\n\n\n<p>F\u00fcr den neuen <strong>Kommunalwahlbezirk 16<\/strong> nominierten die Mitglieder die Kettwigerin <strong>Susanne Gilbert<\/strong>. \u201eDas Thema Bebauung liegt mir momentan besonders am Herzen. Hier muss mit mehr Augenma\u00df vorgegangen werden, Baul\u00fccken, Brachfl\u00e4chen und Leerst\u00e4nde m\u00fcssen zuerst in den Fokus genommen werden. Landschaftsschutzgebiete m\u00fcssen von vornerein aus den \u00dcberlegungen ausgeklammert werden. Und das im Schulterschluss und st\u00e4ndigem Dialog mit den betroffenen Menschen im Umfeld\u201c, so Susanne Gilbert. Sie wurde im Vorfeld bereits auch vom SPD-Ortsverein Werden-Bredeney nominiert, da der Wahlkreis auch Schuir und Teile von Werden und Heidhausen umfasst.<\/p>\n\n\n\n<p>F\u00fcr die Liste zur Wahl der <strong>Bezirksvertretung IX<\/strong> stellte die Mitgliederversammlung <strong>Daniel Behmenburg, Heike Lohmann, Susanne Gilbert, Martin Kryl und Danielle Sch\u00e4fer<\/strong> auf.<\/p>\n\n\n\n<p>\u201eEin engagiertes Team f\u00fcr die Zukunft. Ich freue mich auf eine spannende Zeit f\u00fcr die SPD in Kettwig und einen fairen Wettstreit der demokratischen Parteien f\u00fcr die besseren Ideen f\u00fcr unsere Gartenstadt\u201c, so der Vorsitzende der SPD in Kettwig, Daniel Behmenburg, abschlie\u00dfend.<br>&#8212;-<\/p>\n\n\n\n<p><strong>Hintergrund zum neuen Kommunalwahlbezirk 16:<\/strong><\/p>\n\n\n\n<p>Wahlberechtigte: 11649, davon in Kettwig: 5837, in Heidhausen: 2495, in Werden 1944, in Schuir 1373<\/p>\n","protected":false},"excerpt":{"rendered":"<p>Kettwiger Sozialdemokraten gehen mit Daniel Behmenburg und Susanne Gilbert in das Rennen f\u00fcr den Rat der Stadt Essen \u201eDer Umgang mit Themen wie dem L\u00f6wental und Ickten in der j\u00fcngsten Zeit haben mir gezeigt, dass der Bezirk IX endlich eine sozialdemokratische Stimme im Rat braucht. Die Themen Sauberkeit, Anbindung an den Nahverkehr, Erhaltung unserer Naherholungsorte &hellip; <\/p>\n<p class=\"link-more\"><a href=\"https:\/\/spd-kettwig.de\/?p=134\" class=\"more-link\"><span class=\"screen-reader-text\">\u201eSPD in Kettwig stellt die Weichen f\u00fcr die Kommunalwahl 2020\u201c<\/span> weiterlesen<\/a><\/p>\n","protected":false},"author":2,"featured_media":0,"comment_status":"open","ping_status":"open","sticky":false,"template":"","format":"standard","meta":[],"categories":[5],"tags":[],"_links":{"self":[{"href":"https:\/\/spd-kettwig.de\/index.php?rest_route=\/wp\/v2\/posts\/134"}],"collection":[{"href":"https:\/\/spd-kettwig.de\/index.php?rest_route=\/wp\/v2\/posts"}],"about":[{"href":"https:\/\/spd-kettwig.de\/index.php?rest_route=\/wp\/v2\/types\/post"}],"author":[{"embeddable":true,"href":"https:\/\/spd-kettwig.de\/index.php?rest_route=\/wp\/v2\/users\/2"}],"replies":[{"embeddable":true,"href":"https:\/\/spd-kettwig.de\/index.php?rest_route=%2Fwp%2Fv2%2Fcomments&post=134"}],"version-history":[{"count":2,"href":"https:\/\/spd-kettwig.de\/index.php?rest_route=\/wp\/v2\/posts\/134\/revisions"}],"predecessor-version":[{"id":137,"href":"https:\/\/spd-kettwig.de\/index.php?rest_route=\/wp\/v2\/posts\/134\/revisions\/137"}],"wp:attachment":[{"href":"https:\/\/spd-kettwig.de\/index.php?rest_route=%2Fwp%2Fv2%2Fmedia&parent=134"}],"wp:term":[{"taxonomy":"category","embeddable":true,"href":"https:\/\/spd-kettwig.de\/index.php?rest_route=%2Fwp%2Fv2%2Fcategories&post=134"},{"taxonomy":"post_tag","embeddable":true,"href":"https:\/\/spd-kettwig.de\/index.php?rest_route=%2Fwp%2Fv2%2Ftags&post=134"}],"curies":[{"name":"wp","href":"https:\/\/api.w.org\/{rel}","templated":true}]}}