{"id":130,"date":"2019-12-02T16:19:10","date_gmt":"2019-12-02T16:19:10","guid":{"rendered":"http:\/\/spd-kettwig.de\/?p=130"},"modified":"2020-03-01T16:37:16","modified_gmt":"2020-03-01T16:37:16","slug":"blick-hinter-die-kulissen-am-18-dezember-mit-der-spd-in-kettwig-zum-landtag","status":"publish","type":"post","link":"https:\/\/spd-kettwig.de\/?p=130","title":{"rendered":"Blick hinter die Kulissen \u2013 am 18. Dezember mit der SPD in Kettwig zum Landtag"},"content":{"rendered":"\n<figure class=\"wp-block-image\"><img decoding=\"async\" loading=\"lazy\" width=\"1024\" height=\"683\" src=\"http:\/\/spd-kettwig.de\/wp-content\/uploads\/2019\/12\/Landtag-Berliner-Mauer-3-1024x683.jpg\" alt=\"\" class=\"wp-image-131\" srcset=\"https:\/\/spd-kettwig.de\/wp-content\/uploads\/2019\/12\/Landtag-Berliner-Mauer-3-1024x683.jpg 1024w, https:\/\/spd-kettwig.de\/wp-content\/uploads\/2019\/12\/Landtag-Berliner-Mauer-3-300x200.jpg 300w, https:\/\/spd-kettwig.de\/wp-content\/uploads\/2019\/12\/Landtag-Berliner-Mauer-3-768x512.jpg 768w\" sizes=\"(max-width: 767px) 89vw, (max-width: 1000px) 54vw, (max-width: 1071px) 543px, 580px\" \/><\/figure>\n\n\n\n<p>Auf Einladung des Essener Landtagsabgeordneten und SPD-Fraktionsvorsitzenden Thomas Kutschaty werden die Kettwiger Sozialdemokraten am 18. Dezember 2019 das Landesparlament in D\u00fcsseldorf besuchen. Interessierte B\u00fcrgerinnen und B\u00fcrger aus dem Stadtbezirk IX sind herzlich willkommen, sich der Reisegruppe anzuschlie\u00dfen.<\/p>\n\n\n\n<p>\u201eDie Landtagsverwaltung wird uns einiges zur Arbeitsweise eines Parlaments erz\u00e4hlen. Das Geh\u00f6rte k\u00f6nnen wir im Anschluss dann auch live von der Besuchertrib\u00fcne des Landesplenums aus verfolgen. Abgerundet wird der Besuch durch eine Diskussion mit dem SPD-Fraktionsvorsitzenden Thomas Kutschaty\u201c, verr\u00e4t der Kettwiger SPD-Vorsitzende bereits ein wenig von dem Programm.<\/p>\n\n\n\n<p>Da die Besucherzahl begrenzt ist, ist eine Anmeldung erforderlich (telefonisch unter 0171 4944726 oder per E-Mail an&nbsp;<a href=\"mailto:anmeldung@kettwigander.ruhr\">anmeldung@kettwigander.ruhr<\/a>). Kosten fallen lediglich f\u00fcr die Bahnfahrt an. Eine gemeinsame Anfahrt wird gegen 13 Uhr in Kettwig starten. Das Besuchsprogramm endet gegen 17 Uhr. Dann ist eine individuelle R\u00fcckfahrt oder zum Beispiel ein Besuch des D\u00fcsseldorfer Weihnachtsmarktes m\u00f6glich.<\/p>\n","protected":false},"excerpt":{"rendered":"<p>Auf Einladung des Essener Landtagsabgeordneten und SPD-Fraktionsvorsitzenden Thomas Kutschaty werden die Kettwiger Sozialdemokraten am 18. Dezember 2019 das Landesparlament in D\u00fcsseldorf besuchen. Interessierte B\u00fcrgerinnen und B\u00fcrger aus dem Stadtbezirk IX sind herzlich willkommen, sich der Reisegruppe anzuschlie\u00dfen. \u201eDie Landtagsverwaltung wird uns einiges zur Arbeitsweise eines Parlaments erz\u00e4hlen. Das Geh\u00f6rte k\u00f6nnen wir im Anschluss dann auch &hellip; <\/p>\n<p class=\"link-more\"><a href=\"https:\/\/spd-kettwig.de\/?p=130\" class=\"more-link\"><span class=\"screen-reader-text\">\u201eBlick hinter die Kulissen \u2013 am 18. Dezember mit der SPD in Kettwig zum Landtag\u201c<\/span> weiterlesen<\/a><\/p>\n","protected":false},"author":2,"featured_media":0,"comment_status":"open","ping_status":"open","sticky":false,"template":"","format":"standard","meta":[],"categories":[6],"tags":[],"_links":{"self":[{"href":"https:\/\/spd-kettwig.de\/index.php?rest_route=\/wp\/v2\/posts\/130"}],"collection":[{"href":"https:\/\/spd-kettwig.de\/index.php?rest_route=\/wp\/v2\/posts"}],"about":[{"href":"https:\/\/spd-kettwig.de\/index.php?rest_route=\/wp\/v2\/types\/post"}],"author":[{"embeddable":true,"href":"https:\/\/spd-kettwig.de\/index.php?rest_route=\/wp\/v2\/users\/2"}],"replies":[{"embeddable":true,"href":"https:\/\/spd-kettwig.de\/index.php?rest_route=%2Fwp%2Fv2%2Fcomments&post=130"}],"version-history":[{"count":1,"href":"https:\/\/spd-kettwig.de\/index.php?rest_route=\/wp\/v2\/posts\/130\/revisions"}],"predecessor-version":[{"id":132,"href":"https:\/\/spd-kettwig.de\/index.php?rest_route=\/wp\/v2\/posts\/130\/revisions\/132"}],"wp:attachment":[{"href":"https:\/\/spd-kettwig.de\/index.php?rest_route=%2Fwp%2Fv2%2Fmedia&parent=130"}],"wp:term":[{"taxonomy":"category","embeddable":true,"href":"https:\/\/spd-kettwig.de\/index.php?rest_route=%2Fwp%2Fv2%2Fcategories&post=130"},{"taxonomy":"post_tag","embeddable":true,"href":"https:\/\/spd-kettwig.de\/index.php?rest_route=%2Fwp%2Fv2%2Ftags&post=130"}],"curies":[{"name":"wp","href":"https:\/\/api.w.org\/{rel}","templated":true}]}}