{"id":1144,"date":"2025-09-02T09:00:00","date_gmt":"2025-09-02T07:00:00","guid":{"rendered":"http:\/\/spd-kettwig.de\/?p=1144"},"modified":"2025-09-16T21:50:54","modified_gmt":"2025-09-16T19:50:54","slug":"kettwig-klima-resilient-machen","status":"publish","type":"post","link":"https:\/\/spd-kettwig.de\/?p=1144","title":{"rendered":"Kettwig klima-resilient machen!"},"content":{"rendered":"\n<p><br><strong>Was Sie tun k\u00f6nnen und was die \u00f6ffentliche Hand tun kann<\/strong><\/p>\n\n\n\n<p><em>Veranstaltung<\/em><\/p>\n\n\n\n<p>Die SPD in Kettwig l\u00e4dt ein zu einer \u00f6ffentlichen Informationsveranstaltung:<\/p>\n\n\n\n<p>Wie gut ist Ihr Zuhause vor \u00dcberflutungen, Starkregen, St\u00fcrmen oder Hochwasser gesch\u00fctzt? M\u00fcssen wir unsere Gartenstadt auch gegen Trockenheitsphasen wappnen? Was kann langfristig getan werden, was kurzfristig?<\/p>\n\n\n\n<p>Was k\u00f6nnen Apps wie die \u201eFlood Check App\u201c zu Ihrer pers\u00f6nlichen Vorkehrung beitragen, und wie wichtig ist bereits die einfache Wetter-App auf unserem Smartphone?<\/p>\n\n\n\n<p>\u00dcber diese und weitere Fragen m\u00f6chten wir mit Ihnen und unseren G\u00e4sten sprechen.<br>Als Referenten f\u00fcr inhaltliche Inputs sowie als Gespr\u00e4chsteilnehmer f\u00fcr den Austausch mit den B\u00fcrgern bereichern die Informationsveranstaltung mit ihrer Expertise:<\/p>\n\n\n\n<p>* Julia Kahle-Hausmann, Mitglied des Landtags NRW, Mitglied im dortigen Umweltausschuss und der Enquete-Kommission \u201eWasser in Zeiten der Klimakrise\u201c<\/p>\n\n\n\n<p>* Dr. Udo Heugen, Technologieberater und langj\u00e4hriger Projektleiter des bundesweiten Wettbewerbs \u201eZukunftsstadt\u201c f\u00fcr nachhaltige Stadtentwicklung. Kandidiert erstmals f\u00fcr die BV IX (SPD).<\/p>\n\n\n\n<p>Moderation: Johannes Busley<\/p>\n\n\n\n<p>Seien Sie eingeladen!<\/p>\n\n\n\n<p>Datum: Freitag, den 05. September 2025<br>Uhrzeit: 18:30 Uhr bis 21:00 Uhr<br>Ort: Fachwerkhaus neben der Kirche St. Joseph, (Kettwig vor der Br\u00fccke)<br>Ringstr. 211\/ Ecke Heiligenhauser Str., 45219 Essen<\/p>\n\n\n\n<p>Hinweise:<br>Um Anmeldung via eMail wird aufgrund begrenzter Kapazit\u00e4ten gebeten. Hierzu wenden Sie sich bitte an jb@spd-kettwig.de. W\u00e4hrend der Veranstaltungen werden Aufnahmen zum Zwecke der \u00d6ffentlichkeitsarbeit angefertigt. Die Teilnahme ist unentgeltlich.<\/p>\n","protected":false},"excerpt":{"rendered":"<p>Was Sie tun k\u00f6nnen und was die \u00f6ffentliche Hand tun kann Veranstaltung Die SPD in Kettwig l\u00e4dt ein zu einer \u00f6ffentlichen Informationsveranstaltung: Wie gut ist Ihr Zuhause vor \u00dcberflutungen, Starkregen, St\u00fcrmen oder Hochwasser gesch\u00fctzt? M\u00fcssen wir unsere Gartenstadt auch gegen Trockenheitsphasen wappnen? Was kann langfristig getan werden, was kurzfristig? Was k\u00f6nnen Apps wie die \u201eFlood &hellip; <\/p>\n<p class=\"link-more\"><a href=\"https:\/\/spd-kettwig.de\/?p=1144\" class=\"more-link\"><span class=\"screen-reader-text\">\u201eKettwig klima-resilient machen!\u201c<\/span> weiterlesen<\/a><\/p>\n","protected":false},"author":6,"featured_media":1145,"comment_status":"open","ping_status":"open","sticky":false,"template":"","format":"standard","meta":[],"categories":[6],"tags":[72,557,560,22,559,558,65,37,562,556,561],"_links":{"self":[{"href":"https:\/\/spd-kettwig.de\/index.php?rest_route=\/wp\/v2\/posts\/1144"}],"collection":[{"href":"https:\/\/spd-kettwig.de\/index.php?rest_route=\/wp\/v2\/posts"}],"about":[{"href":"https:\/\/spd-kettwig.de\/index.php?rest_route=\/wp\/v2\/types\/post"}],"author":[{"embeddable":true,"href":"https:\/\/spd-kettwig.de\/index.php?rest_route=\/wp\/v2\/users\/6"}],"replies":[{"embeddable":true,"href":"https:\/\/spd-kettwig.de\/index.php?rest_route=%2Fwp%2Fv2%2Fcomments&post=1144"}],"version-history":[{"count":2,"href":"https:\/\/spd-kettwig.de\/index.php?rest_route=\/wp\/v2\/posts\/1144\/revisions"}],"predecessor-version":[{"id":1162,"href":"https:\/\/spd-kettwig.de\/index.php?rest_route=\/wp\/v2\/posts\/1144\/revisions\/1162"}],"wp:featuredmedia":[{"embeddable":true,"href":"https:\/\/spd-kettwig.de\/index.php?rest_route=\/wp\/v2\/media\/1145"}],"wp:attachment":[{"href":"https:\/\/spd-kettwig.de\/index.php?rest_route=%2Fwp%2Fv2%2Fmedia&parent=1144"}],"wp:term":[{"taxonomy":"category","embeddable":true,"href":"https:\/\/spd-kettwig.de\/index.php?rest_route=%2Fwp%2Fv2%2Fcategories&post=1144"},{"taxonomy":"post_tag","embeddable":true,"href":"https:\/\/spd-kettwig.de\/index.php?rest_route=%2Fwp%2Fv2%2Ftags&post=1144"}],"curies":[{"name":"wp","href":"https:\/\/api.w.org\/{rel}","templated":true}]}}