{"id":1141,"date":"2025-09-03T09:00:00","date_gmt":"2025-09-03T07:00:00","guid":{"rendered":"http:\/\/spd-kettwig.de\/?p=1141"},"modified":"2025-09-01T21:06:03","modified_gmt":"2025-09-01T19:06:03","slug":"historische-wanderung","status":"publish","type":"post","link":"https:\/\/spd-kettwig.de\/?p=1141","title":{"rendered":"Historische Wanderung"},"content":{"rendered":"\n<p>Die SPD Kettwig l\u00e4dt ein zu einem historischen Rundgang<br>durch den Ortsteil vor der Br\u00fccke.<\/p>\n\n\n\n<p>An verschiedenen Wegpunkten erfahren die Teilnehmenden Hinter-gr\u00fcnde und Geschichten \u00fcber das in der NS-Zeit ausgel\u00f6schte j\u00fcdische Leben in unserer Gartenstadt und \u00fcber die Schicksale der damalige Bewohner.<br>Sie waren Nachbarn, Arbeitskollegen, Parteigenossen, Vereinsmitglieder. Kettwig war ihre Heimat.<\/p>\n\n\n\n<p>\u201eNie wieder ist jetzt \u2013 Erinnern hei\u00dft Verstehen und Mahnen. Meine Familie hat erlebt, was politische Intoleranz anzurichten vermag. Unsere ehemaligen Mitb\u00fcrger j\u00fcdischen Glaubens zahlten den Preis unwidersprochenem Rassismus\u00b4.\u201c -Susanne Kemper<\/p>\n\n\n\n<p>Referentin:<br>* Claudia Stein, Historikerin und historisch-politische Bildnerin, Mitglied der SPD Kettwig<\/p>\n\n\n\n<p>Gastgeberin:<br>* Susanne Kemper, Ratsfrau f\u00fcr Kettwig, Schuir, Werden &amp; Heidhausen<\/p>\n\n\n\n<p>Datum: Freitag, den 12. September 2025 Uhrzeit: 18:00 Uhr bis ca. 19:00 Uhr Treffpunkt: Ecke Werdener Stra\u00dfe\/Zur Alte F\u00e4hre, neben dem Kiosk<\/p>\n\n\n\n<p>Wegstrecke: ca. 1km<br>Anschlie\u00dfende Einkehr optional.<\/p>\n","protected":false},"excerpt":{"rendered":"<p>Die SPD Kettwig l\u00e4dt ein zu einem historischen Rundgangdurch den Ortsteil vor der Br\u00fccke. An verschiedenen Wegpunkten erfahren die Teilnehmenden Hinter-gr\u00fcnde und Geschichten \u00fcber das in der NS-Zeit ausgel\u00f6schte j\u00fcdische Leben in unserer Gartenstadt und \u00fcber die Schicksale der damalige Bewohner.Sie waren Nachbarn, Arbeitskollegen, Parteigenossen, Vereinsmitglieder. Kettwig war ihre Heimat. \u201eNie wieder ist jetzt \u2013 &hellip; <\/p>\n<p class=\"link-more\"><a href=\"https:\/\/spd-kettwig.de\/?p=1141\" class=\"more-link\"><span class=\"screen-reader-text\">\u201eHistorische Wanderung\u201c<\/span> weiterlesen<\/a><\/p>\n","protected":false},"author":6,"featured_media":1142,"comment_status":"open","ping_status":"open","sticky":false,"template":"","format":"standard","meta":[],"categories":[6],"tags":[555,549,546,547,22,545,553,548,552,65,551,554,550,445],"_links":{"self":[{"href":"https:\/\/spd-kettwig.de\/index.php?rest_route=\/wp\/v2\/posts\/1141"}],"collection":[{"href":"https:\/\/spd-kettwig.de\/index.php?rest_route=\/wp\/v2\/posts"}],"about":[{"href":"https:\/\/spd-kettwig.de\/index.php?rest_route=\/wp\/v2\/types\/post"}],"author":[{"embeddable":true,"href":"https:\/\/spd-kettwig.de\/index.php?rest_route=\/wp\/v2\/users\/6"}],"replies":[{"embeddable":true,"href":"https:\/\/spd-kettwig.de\/index.php?rest_route=%2Fwp%2Fv2%2Fcomments&post=1141"}],"version-history":[{"count":1,"href":"https:\/\/spd-kettwig.de\/index.php?rest_route=\/wp\/v2\/posts\/1141\/revisions"}],"predecessor-version":[{"id":1143,"href":"https:\/\/spd-kettwig.de\/index.php?rest_route=\/wp\/v2\/posts\/1141\/revisions\/1143"}],"wp:featuredmedia":[{"embeddable":true,"href":"https:\/\/spd-kettwig.de\/index.php?rest_route=\/wp\/v2\/media\/1142"}],"wp:attachment":[{"href":"https:\/\/spd-kettwig.de\/index.php?rest_route=%2Fwp%2Fv2%2Fmedia&parent=1141"}],"wp:term":[{"taxonomy":"category","embeddable":true,"href":"https:\/\/spd-kettwig.de\/index.php?rest_route=%2Fwp%2Fv2%2Fcategories&post=1141"},{"taxonomy":"post_tag","embeddable":true,"href":"https:\/\/spd-kettwig.de\/index.php?rest_route=%2Fwp%2Fv2%2Ftags&post=1141"}],"curies":[{"name":"wp","href":"https:\/\/api.w.org\/{rel}","templated":true}]}}