{"id":1085,"date":"2024-06-06T08:40:27","date_gmt":"2024-06-06T06:40:27","guid":{"rendered":"http:\/\/spd-kettwig.de\/?p=1085"},"modified":"2024-06-06T08:40:27","modified_gmt":"2024-06-06T06:40:27","slug":"ob-kandidatin-julia-klewin-am-samstag-beim-infostand-der-spd-in-kettwig","status":"publish","type":"post","link":"https:\/\/spd-kettwig.de\/?p=1085","title":{"rendered":"<strong>OB-Kandidatin Julia Klewin am Samstag beim Infostand der SPD in Kettwig<\/strong>"},"content":{"rendered":"\n<p>Am Samstag, den 8. Juni 2024 stehen die Kettwiger Sozialdemokraten ein letztes Mal vor der Europawahl vor REWE Lenk und informieren \u00fcber die Wahl und Positionen der Europa-SPD f\u00fcr die neue Legislaturperiode des Europ\u00e4ischen Parlaments. An diesem Tag erwarten Sie dar\u00fcber hinaus einen besonderen Gast.<\/p>\n\n\n\n<p>\u201eUnsere Kandidatin zur Oberb\u00fcrgermeisterinwahl, Julia Klewin, wird gegen zehn Uhr unseren Infostand besuchen. Auch wenn es aktuell bei der Wahl am 9. Juni um die Zukunft und den Fortbestand der Europ\u00e4ischen Union in der jetzigen Form geht, werden nat\u00fcrlich auch immer kommunalpolitische Anliegen an uns herangetragen. Deshalb freuen wir uns sehr, dass Julia den Kettwigerinnen und Kettwigern von Ihren Ideen, Vorstellungen und Vorhaben als Stadtoberhaupt berichten und Rede und Antwort stehen wird. Wir bitten darum, von diesem Dialogangebot regen Gebrauch zu machen, um unserer Kandidatin f\u00fcr das h\u00f6chste st\u00e4dtische Amt so fr\u00fchzeitig die Anregungen und W\u00fcnsche der Kettwigerinnen und Kettwiger mit auf den Weg zu geben\u201c, so der Vorsitzende der SPD in Kettwig Ratsherr Daniel Behmenburg.<\/p>\n","protected":false},"excerpt":{"rendered":"<p>Am Samstag, den 8. Juni 2024 stehen die Kettwiger Sozialdemokraten ein letztes Mal vor der Europawahl vor REWE Lenk und informieren \u00fcber die Wahl und Positionen der Europa-SPD f\u00fcr die neue Legislaturperiode des Europ\u00e4ischen Parlaments. An diesem Tag erwarten Sie dar\u00fcber hinaus einen besonderen Gast. \u201eUnsere Kandidatin zur Oberb\u00fcrgermeisterinwahl, Julia Klewin, wird gegen zehn Uhr &hellip; <\/p>\n<p class=\"link-more\"><a href=\"https:\/\/spd-kettwig.de\/?p=1085\" class=\"more-link\"><span class=\"screen-reader-text\">\u201e<strong>OB-Kandidatin Julia Klewin am Samstag beim Infostand der SPD in Kettwig<\/strong>\u201c<\/span> weiterlesen<\/a><\/p>\n","protected":false},"author":2,"featured_media":1086,"comment_status":"open","ping_status":"open","sticky":false,"template":"","format":"standard","meta":[],"categories":[1],"tags":[],"_links":{"self":[{"href":"https:\/\/spd-kettwig.de\/index.php?rest_route=\/wp\/v2\/posts\/1085"}],"collection":[{"href":"https:\/\/spd-kettwig.de\/index.php?rest_route=\/wp\/v2\/posts"}],"about":[{"href":"https:\/\/spd-kettwig.de\/index.php?rest_route=\/wp\/v2\/types\/post"}],"author":[{"embeddable":true,"href":"https:\/\/spd-kettwig.de\/index.php?rest_route=\/wp\/v2\/users\/2"}],"replies":[{"embeddable":true,"href":"https:\/\/spd-kettwig.de\/index.php?rest_route=%2Fwp%2Fv2%2Fcomments&post=1085"}],"version-history":[{"count":1,"href":"https:\/\/spd-kettwig.de\/index.php?rest_route=\/wp\/v2\/posts\/1085\/revisions"}],"predecessor-version":[{"id":1087,"href":"https:\/\/spd-kettwig.de\/index.php?rest_route=\/wp\/v2\/posts\/1085\/revisions\/1087"}],"wp:featuredmedia":[{"embeddable":true,"href":"https:\/\/spd-kettwig.de\/index.php?rest_route=\/wp\/v2\/media\/1086"}],"wp:attachment":[{"href":"https:\/\/spd-kettwig.de\/index.php?rest_route=%2Fwp%2Fv2%2Fmedia&parent=1085"}],"wp:term":[{"taxonomy":"category","embeddable":true,"href":"https:\/\/spd-kettwig.de\/index.php?rest_route=%2Fwp%2Fv2%2Fcategories&post=1085"},{"taxonomy":"post_tag","embeddable":true,"href":"https:\/\/spd-kettwig.de\/index.php?rest_route=%2Fwp%2Fv2%2Ftags&post=1085"}],"curies":[{"name":"wp","href":"https:\/\/api.w.org\/{rel}","templated":true}]}}