{"id":1000,"date":"2023-05-31T21:01:40","date_gmt":"2023-05-31T19:01:40","guid":{"rendered":"http:\/\/spd-kettwig.de\/?p=1000"},"modified":"2023-05-31T21:01:40","modified_gmt":"2023-05-31T19:01:40","slug":"oeffentliche-wanderung-der-spd-in-kettwig-am-4-juni-10-00-uhr","status":"publish","type":"post","link":"https:\/\/spd-kettwig.de\/?p=1000","title":{"rendered":"<strong>\u00d6ffentliche Wanderung der SPD in Kettwig am 4. Juni, 10.00 Uhr<\/strong>"},"content":{"rendered":"\n<p>Am kommenden Sonntag, den 4. Juni 2023, l\u00e4dt die SPD in Kettwig wieder zu einer \u00f6ffentlichen Wanderung ein. Treffpunkt ist um 10.00 Uhr vor dem Eingang zum Hallenbad (Im Teelbruch 10-12). Die Wanderung dauert ca. 4 Stunden. Im Anschluss ist noch eine gemeinsame Einkehr in die Schwimmbadgastronomie Ha Zwei Oh geplant. Zur besseren Planung wird um eine kurze Anmeldung unter Email\u00a0<a href=\"mailto:anmeldung@kettwigander.ruhr\">anmeldung@kettwigander.ruhr<\/a>\u00a0oder Telefon 020549699182 gebeten.<\/p>\n\n\n\n<p>Verantwortlich f\u00fcr die Wanderung zeichnet sich wieder&nbsp;<strong>Vorstandsmitglied Jan Robert Belouschek<\/strong>:<strong>&nbsp;<\/strong>\u201eBereits im letzten Jahr haben wir unseren Stadtbezirk auf Schusters Rappen erkundet. Es war eine tolle Stimmung und deshalb war mir schon damals klar, dass es dieses Jahr eine Wiederholung geben wird. Das Wetter stimmt nun endlich, sodass wir loswandern k\u00f6nnen. F\u00fcr die Strecke sollte man gut zu Fu\u00df sein, aber nicht zwingend ein ge\u00fcbter Wanderer. Hunde sind nat\u00fcrlich auch herzlich willkommen.\u201c<\/p>\n\n\n\n<p>Der Kettwiger&nbsp;<strong>Ratsherr Daniel Behmenburg<\/strong>, erg\u00e4nzt: \u201eWir haben in den letzten Jahren festgestellt, dass die Menschen gerne ungezwungen fernab von Versammlungen oder \u00e4hnlichem mit uns ins Gespr\u00e4ch kommen wollen. So eine Wanderung ist daf\u00fcr eine gro\u00dfartige Gelegenheit. Ich freue mich auf viele Mitwanderinnen und Mitwanderer, kurzweilige Momente in der sch\u00f6nen Landschaft und interessante Gespr\u00e4che.\u201c<\/p>\n","protected":false},"excerpt":{"rendered":"<p>Am kommenden Sonntag, den 4. Juni 2023, l\u00e4dt die SPD in Kettwig wieder zu einer \u00f6ffentlichen Wanderung ein. Treffpunkt ist um 10.00 Uhr vor dem Eingang zum Hallenbad (Im Teelbruch 10-12). Die Wanderung dauert ca. 4 Stunden. Im Anschluss ist noch eine gemeinsame Einkehr in die Schwimmbadgastronomie Ha Zwei Oh geplant. Zur besseren Planung wird &hellip; <\/p>\n<p class=\"link-more\"><a href=\"https:\/\/spd-kettwig.de\/?p=1000\" class=\"more-link\"><span class=\"screen-reader-text\">\u201e<strong>\u00d6ffentliche Wanderung der SPD in Kettwig am 4. Juni, 10.00 Uhr<\/strong>\u201c<\/span> weiterlesen<\/a><\/p>\n","protected":false},"author":1,"featured_media":1001,"comment_status":"open","ping_status":"open","sticky":false,"template":"","format":"standard","meta":[],"categories":[1],"tags":[],"_links":{"self":[{"href":"https:\/\/spd-kettwig.de\/index.php?rest_route=\/wp\/v2\/posts\/1000"}],"collection":[{"href":"https:\/\/spd-kettwig.de\/index.php?rest_route=\/wp\/v2\/posts"}],"about":[{"href":"https:\/\/spd-kettwig.de\/index.php?rest_route=\/wp\/v2\/types\/post"}],"author":[{"embeddable":true,"href":"https:\/\/spd-kettwig.de\/index.php?rest_route=\/wp\/v2\/users\/1"}],"replies":[{"embeddable":true,"href":"https:\/\/spd-kettwig.de\/index.php?rest_route=%2Fwp%2Fv2%2Fcomments&post=1000"}],"version-history":[{"count":1,"href":"https:\/\/spd-kettwig.de\/index.php?rest_route=\/wp\/v2\/posts\/1000\/revisions"}],"predecessor-version":[{"id":1002,"href":"https:\/\/spd-kettwig.de\/index.php?rest_route=\/wp\/v2\/posts\/1000\/revisions\/1002"}],"wp:featuredmedia":[{"embeddable":true,"href":"https:\/\/spd-kettwig.de\/index.php?rest_route=\/wp\/v2\/media\/1001"}],"wp:attachment":[{"href":"https:\/\/spd-kettwig.de\/index.php?rest_route=%2Fwp%2Fv2%2Fmedia&parent=1000"}],"wp:term":[{"taxonomy":"category","embeddable":true,"href":"https:\/\/spd-kettwig.de\/index.php?rest_route=%2Fwp%2Fv2%2Fcategories&post=1000"},{"taxonomy":"post_tag","embeddable":true,"href":"https:\/\/spd-kettwig.de\/index.php?rest_route=%2Fwp%2Fv2%2Ftags&post=1000"}],"curies":[{"name":"wp","href":"https:\/\/api.w.org\/{rel}","templated":true}]}}